{"id":86380,"date":"2026-01-08T09:44:21","date_gmt":"2026-01-08T09:44:21","guid":{"rendered":"https:\/\/grayling.com\/?p=86380"},"modified":"2026-01-08T10:12:06","modified_gmt":"2026-01-08T10:12:06","slug":"tendencias-y-retos-en-employer-branding-para-2026","status":"publish","type":"post","link":"https:\/\/grayling.com\/es\/news-and-views\/tendencias-y-retos-en-employer-branding-para-2026\/","title":{"rendered":"TENDENCIAS Y RETOS EN EMPLOYER BRANDING PARA 2026"},"content":{"rendered":"<p>El 2026 marcar\u00e1 un punto de inflexi\u00f3n en la forma en que las organizaciones se relacionan con el talento. La inteligencia artificial, la b\u00fasqueda de prop\u00f3sito y la necesidad de generar confianza exigir\u00e1n propuestas aut\u00e9nticas y experiencias m\u00e1s personalizadas.<\/p>\n<p>Estas son las 10 tendencias que desde Grayling pensamos que marcar\u00e1n el Employer Branding y la Experiencia del Empleado en 2026.<\/p>\n<p><a href=\"https:\/\/grayling.com\/wp-content\/uploads\/2026\/01\/Tendencias-2026.pdf\">Tendencias 2026<\/a><\/p>\n","protected":false},"excerpt":{"rendered":"El 2026 marcar\u00e1 un punto de inflexi\u00f3n en la forma en que las organizaciones se relacionan con el talento. La inteligencia artificial, la b\u00fasqueda de prop\u00f3sito y la necesidad de generar confianza exigir\u00e1n propuestas aut\u00e9nticas y experiencias m\u00e1s personalizadas. Estas son las 10 tendencias que desde Grayling pensamos que marcar\u00e1n el Employer Branding y la&#8230;","protected":false},"author":62,"featured_media":86386,"comment_status":"closed","ping_status":"open","sticky":false,"template":"","format":"standard","meta":{"footnotes":""},"categories":[292],"tags":[],"class_list":["post-86380","post","type-post","status-publish","format-standard","has-post-thumbnail","hentry","category-actualidad","Sector-employer-branding-y-embajadores-de-marca"],"acf":[],"yoast_head":"<!-- This site is optimized with the Yoast SEO plugin v26.9 - https:\/\/yoast.com\/product\/yoast-seo-wordpress\/ -->\n<title>TENDENCIAS Y RETOS EN EMPLOYER BRANDING PARA 2026 - Grayling<\/title>\n<meta name=\"robots\" content=\"index, follow, max-snippet:-1, max-image-preview:large, max-video-preview:-1\" \/>\n<link rel=\"canonical\" href=\"https:\/\/grayling.com\/es\/news-and-views\/tendencias-y-retos-en-employer-branding-para-2026\/\" \/>\n<meta property=\"og:locale\" content=\"es_ES\" \/>\n<meta property=\"og:type\" content=\"article\" \/>\n<meta property=\"og:title\" content=\"TENDENCIAS Y RETOS EN EMPLOYER BRANDING PARA 2026 - Grayling\" \/>\n<meta property=\"og:description\" content=\"El 2026 marcar\u00e1 un punto de inflexi\u00f3n en la forma en que las organizaciones se relacionan con el talento. La inteligencia artificial, la b\u00fasqueda de prop\u00f3sito y la necesidad de generar confianza exigir\u00e1n propuestas aut\u00e9nticas y experiencias m\u00e1s personalizadas. Estas son las 10 tendencias que desde Grayling pensamos que marcar\u00e1n el Employer Branding y la...\" \/>\n<meta property=\"og:url\" content=\"https:\/\/grayling.com\/es\/news-and-views\/tendencias-y-retos-en-employer-branding-para-2026\/\" \/>\n<meta property=\"og:site_name\" content=\"Grayling\" \/>\n<meta property=\"article:published_time\" content=\"2026-01-08T09:44:21+00:00\" \/>\n<meta property=\"article:modified_time\" content=\"2026-01-08T10:12:06+00:00\" \/>\n<meta property=\"og:image\" content=\"https:\/\/grayling.com\/wp-content\/uploads\/2026\/01\/pexels-fauxels-3184639.jpg\" \/>\n\t<meta property=\"og:image:width\" content=\"6000\" \/>\n\t<meta property=\"og:image:height\" content=\"4000\" \/>\n\t<meta property=\"og:image:type\" content=\"image\/jpeg\" \/>\n<meta name=\"author\" content=\"Maria Jose Cuerva\" \/>\n<meta name=\"twitter:card\" content=\"summary_large_image\" \/>\n<meta name=\"twitter:label1\" content=\"Escrito por\" \/>\n\t<meta name=\"twitter:data1\" content=\"Maria Jose Cuerva\" \/>\n\t<meta name=\"twitter:label2\" content=\"Tiempo de lectura\" \/>\n\t<meta name=\"twitter:data2\" content=\"1 minuto\" \/>\n<script type=\"application\/ld+json\" class=\"yoast-schema-graph\">{\"@context\":\"https:\/\/schema.org\",\"@graph\":[{\"@type\":\"Article\",\"@id\":\"https:\/\/grayling.com\/es\/news-and-views\/tendencias-y-retos-en-employer-branding-para-2026\/#article\",\"isPartOf\":{\"@id\":\"https:\/\/grayling.com\/es\/news-and-views\/tendencias-y-retos-en-employer-branding-para-2026\/\"},\"author\":{\"name\":\"Maria Jose Cuerva\",\"@id\":\"https:\/\/grayling.com\/es\/#\/schema\/person\/fa49ee060e5b0eae67d2cf03bb20547b\"},\"headline\":\"TENDENCIAS Y RETOS EN EMPLOYER BRANDING PARA 2026\",\"datePublished\":\"2026-01-08T09:44:21+00:00\",\"dateModified\":\"2026-01-08T10:12:06+00:00\",\"mainEntityOfPage\":{\"@id\":\"https:\/\/grayling.com\/es\/news-and-views\/tendencias-y-retos-en-employer-branding-para-2026\/\"},\"wordCount\":72,\"publisher\":{\"@id\":\"https:\/\/grayling.com\/es\/#organization\"},\"image\":{\"@id\":\"https:\/\/grayling.com\/es\/news-and-views\/tendencias-y-retos-en-employer-branding-para-2026\/#primaryimage\"},\"thumbnailUrl\":\"https:\/\/grayling.com\/wp-content\/uploads\/2026\/01\/pexels-fauxels-3184639.jpg\",\"articleSection\":[\"Actualidad\"],\"inLanguage\":\"es\"},{\"@type\":\"WebPage\",\"@id\":\"https:\/\/grayling.com\/es\/news-and-views\/tendencias-y-retos-en-employer-branding-para-2026\/\",\"url\":\"https:\/\/grayling.com\/es\/news-and-views\/tendencias-y-retos-en-employer-branding-para-2026\/\",\"name\":\"TENDENCIAS Y RETOS EN EMPLOYER BRANDING PARA 2026 - Grayling\",\"isPartOf\":{\"@id\":\"https:\/\/grayling.com\/es\/#website\"},\"primaryImageOfPage\":{\"@id\":\"https:\/\/grayling.com\/es\/news-and-views\/tendencias-y-retos-en-employer-branding-para-2026\/#primaryimage\"},\"image\":{\"@id\":\"https:\/\/grayling.com\/es\/news-and-views\/tendencias-y-retos-en-employer-branding-para-2026\/#primaryimage\"},\"thumbnailUrl\":\"https:\/\/grayling.com\/wp-content\/uploads\/2026\/01\/pexels-fauxels-3184639.jpg\",\"datePublished\":\"2026-01-08T09:44:21+00:00\",\"dateModified\":\"2026-01-08T10:12:06+00:00\",\"breadcrumb\":{\"@id\":\"https:\/\/grayling.com\/es\/news-and-views\/tendencias-y-retos-en-employer-branding-para-2026\/#breadcrumb\"},\"inLanguage\":\"es\",\"potentialAction\":[{\"@type\":\"ReadAction\",\"target\":[\"https:\/\/grayling.com\/es\/news-and-views\/tendencias-y-retos-en-employer-branding-para-2026\/\"]}]},{\"@type\":\"ImageObject\",\"inLanguage\":\"es\",\"@id\":\"https:\/\/grayling.com\/es\/news-and-views\/tendencias-y-retos-en-employer-branding-para-2026\/#primaryimage\",\"url\":\"https:\/\/grayling.com\/wp-content\/uploads\/2026\/01\/pexels-fauxels-3184639.jpg\",\"contentUrl\":\"https:\/\/grayling.com\/wp-content\/uploads\/2026\/01\/pexels-fauxels-3184639.jpg\",\"width\":6000,\"height\":4000},{\"@type\":\"BreadcrumbList\",\"@id\":\"https:\/\/grayling.com\/es\/news-and-views\/tendencias-y-retos-en-employer-branding-para-2026\/#breadcrumb\",\"itemListElement\":[{\"@type\":\"ListItem\",\"position\":1,\"name\":\"Home\",\"item\":\"https:\/\/grayling.com\/es\/\"},{\"@type\":\"ListItem\",\"position\":2,\"name\":\"TENDENCIAS Y RETOS EN EMPLOYER BRANDING PARA 2026\"}]},{\"@type\":\"WebSite\",\"@id\":\"https:\/\/grayling.com\/es\/#website\",\"url\":\"https:\/\/grayling.com\/es\/\",\"name\":\"Grayling\",\"description\":\"We create advantage\",\"publisher\":{\"@id\":\"https:\/\/grayling.com\/es\/#organization\"},\"potentialAction\":[{\"@type\":\"SearchAction\",\"target\":{\"@type\":\"EntryPoint\",\"urlTemplate\":\"https:\/\/grayling.com\/es\/?s={search_term_string}\"},\"query-input\":{\"@type\":\"PropertyValueSpecification\",\"valueRequired\":true,\"valueName\":\"search_term_string\"}}],\"inLanguage\":\"es\"},{\"@type\":\"Organization\",\"@id\":\"https:\/\/grayling.com\/es\/#organization\",\"name\":\"Grayling\",\"url\":\"https:\/\/grayling.com\/es\/\",\"logo\":{\"@type\":\"ImageObject\",\"inLanguage\":\"es\",\"@id\":\"https:\/\/grayling.com\/es\/#\/schema\/logo\/image\/\",\"url\":\"https:\/\/grayling.com\/wp-content\/uploads\/2020\/08\/logo.jpg\",\"contentUrl\":\"https:\/\/grayling.com\/wp-content\/uploads\/2020\/08\/logo.jpg\",\"width\":2009,\"height\":510,\"caption\":\"Grayling\"},\"image\":{\"@id\":\"https:\/\/grayling.com\/es\/#\/schema\/logo\/image\/\"}},{\"@type\":\"Person\",\"@id\":\"https:\/\/grayling.com\/es\/#\/schema\/person\/fa49ee060e5b0eae67d2cf03bb20547b\",\"name\":\"Maria Jose Cuerva\",\"image\":{\"@type\":\"ImageObject\",\"inLanguage\":\"es\",\"@id\":\"https:\/\/grayling.com\/es\/#\/schema\/person\/image\/\",\"url\":\"https:\/\/secure.gravatar.com\/avatar\/3e3288cd2f9ba504a22ab536d307d6b095636e3627fb575fe0abd525028a1b56?s=96&d=mm&r=g\",\"contentUrl\":\"https:\/\/secure.gravatar.com\/avatar\/3e3288cd2f9ba504a22ab536d307d6b095636e3627fb575fe0abd525028a1b56?s=96&d=mm&r=g\",\"caption\":\"Maria Jose Cuerva\"},\"url\":\"https:\/\/grayling.com\/es\/news-and-views\/author\/maria-jose-cuerva\/\"}]}<\/script>\n<!-- \/ Yoast SEO plugin. -->","yoast_head_json":{"title":"TENDENCIAS Y RETOS EN EMPLOYER BRANDING PARA 2026 - Grayling","robots":{"index":"index","follow":"follow","max-snippet":"max-snippet:-1","max-image-preview":"max-image-preview:large","max-video-preview":"max-video-preview:-1"},"canonical":"https:\/\/grayling.com\/es\/news-and-views\/tendencias-y-retos-en-employer-branding-para-2026\/","og_locale":"es_ES","og_type":"article","og_title":"TENDENCIAS Y RETOS EN EMPLOYER BRANDING PARA 2026 - Grayling","og_description":"El 2026 marcar\u00e1 un punto de inflexi\u00f3n en la forma en que las organizaciones se relacionan con el talento. La inteligencia artificial, la b\u00fasqueda de prop\u00f3sito y la necesidad de generar confianza exigir\u00e1n propuestas aut\u00e9nticas y experiencias m\u00e1s personalizadas. Estas son las 10 tendencias que desde Grayling pensamos que marcar\u00e1n el Employer Branding y la...","og_url":"https:\/\/grayling.com\/es\/news-and-views\/tendencias-y-retos-en-employer-branding-para-2026\/","og_site_name":"Grayling","article_published_time":"2026-01-08T09:44:21+00:00","article_modified_time":"2026-01-08T10:12:06+00:00","og_image":[{"width":6000,"height":4000,"url":"https:\/\/grayling.com\/wp-content\/uploads\/2026\/01\/pexels-fauxels-3184639.jpg","type":"image\/jpeg"}],"author":"Maria Jose Cuerva","twitter_card":"summary_large_image","twitter_misc":{"Escrito por":"Maria Jose Cuerva","Tiempo de lectura":"1 minuto"},"schema":{"@context":"https:\/\/schema.org","@graph":[{"@type":"Article","@id":"https:\/\/grayling.com\/es\/news-and-views\/tendencias-y-retos-en-employer-branding-para-2026\/#article","isPartOf":{"@id":"https:\/\/grayling.com\/es\/news-and-views\/tendencias-y-retos-en-employer-branding-para-2026\/"},"author":{"name":"Maria Jose Cuerva","@id":"https:\/\/grayling.com\/es\/#\/schema\/person\/fa49ee060e5b0eae67d2cf03bb20547b"},"headline":"TENDENCIAS Y RETOS EN EMPLOYER BRANDING PARA 2026","datePublished":"2026-01-08T09:44:21+00:00","dateModified":"2026-01-08T10:12:06+00:00","mainEntityOfPage":{"@id":"https:\/\/grayling.com\/es\/news-and-views\/tendencias-y-retos-en-employer-branding-para-2026\/"},"wordCount":72,"publisher":{"@id":"https:\/\/grayling.com\/es\/#organization"},"image":{"@id":"https:\/\/grayling.com\/es\/news-and-views\/tendencias-y-retos-en-employer-branding-para-2026\/#primaryimage"},"thumbnailUrl":"https:\/\/grayling.com\/wp-content\/uploads\/2026\/01\/pexels-fauxels-3184639.jpg","articleSection":["Actualidad"],"inLanguage":"es"},{"@type":"WebPage","@id":"https:\/\/grayling.com\/es\/news-and-views\/tendencias-y-retos-en-employer-branding-para-2026\/","url":"https:\/\/grayling.com\/es\/news-and-views\/tendencias-y-retos-en-employer-branding-para-2026\/","name":"TENDENCIAS Y RETOS EN EMPLOYER BRANDING PARA 2026 - Grayling","isPartOf":{"@id":"https:\/\/grayling.com\/es\/#website"},"primaryImageOfPage":{"@id":"https:\/\/grayling.com\/es\/news-and-views\/tendencias-y-retos-en-employer-branding-para-2026\/#primaryimage"},"image":{"@id":"https:\/\/grayling.com\/es\/news-and-views\/tendencias-y-retos-en-employer-branding-para-2026\/#primaryimage"},"thumbnailUrl":"https:\/\/grayling.com\/wp-content\/uploads\/2026\/01\/pexels-fauxels-3184639.jpg","datePublished":"2026-01-08T09:44:21+00:00","dateModified":"2026-01-08T10:12:06+00:00","breadcrumb":{"@id":"https:\/\/grayling.com\/es\/news-and-views\/tendencias-y-retos-en-employer-branding-para-2026\/#breadcrumb"},"inLanguage":"es","potentialAction":[{"@type":"ReadAction","target":["https:\/\/grayling.com\/es\/news-and-views\/tendencias-y-retos-en-employer-branding-para-2026\/"]}]},{"@type":"ImageObject","inLanguage":"es","@id":"https:\/\/grayling.com\/es\/news-and-views\/tendencias-y-retos-en-employer-branding-para-2026\/#primaryimage","url":"https:\/\/grayling.com\/wp-content\/uploads\/2026\/01\/pexels-fauxels-3184639.jpg","contentUrl":"https:\/\/grayling.com\/wp-content\/uploads\/2026\/01\/pexels-fauxels-3184639.jpg","width":6000,"height":4000},{"@type":"BreadcrumbList","@id":"https:\/\/grayling.com\/es\/news-and-views\/tendencias-y-retos-en-employer-branding-para-2026\/#breadcrumb","itemListElement":[{"@type":"ListItem","position":1,"name":"Home","item":"https:\/\/grayling.com\/es\/"},{"@type":"ListItem","position":2,"name":"TENDENCIAS Y RETOS EN EMPLOYER BRANDING PARA 2026"}]},{"@type":"WebSite","@id":"https:\/\/grayling.com\/es\/#website","url":"https:\/\/grayling.com\/es\/","name":"Grayling","description":"We create advantage","publisher":{"@id":"https:\/\/grayling.com\/es\/#organization"},"potentialAction":[{"@type":"SearchAction","target":{"@type":"EntryPoint","urlTemplate":"https:\/\/grayling.com\/es\/?s={search_term_string}"},"query-input":{"@type":"PropertyValueSpecification","valueRequired":true,"valueName":"search_term_string"}}],"inLanguage":"es"},{"@type":"Organization","@id":"https:\/\/grayling.com\/es\/#organization","name":"Grayling","url":"https:\/\/grayling.com\/es\/","logo":{"@type":"ImageObject","inLanguage":"es","@id":"https:\/\/grayling.com\/es\/#\/schema\/logo\/image\/","url":"https:\/\/grayling.com\/wp-content\/uploads\/2020\/08\/logo.jpg","contentUrl":"https:\/\/grayling.com\/wp-content\/uploads\/2020\/08\/logo.jpg","width":2009,"height":510,"caption":"Grayling"},"image":{"@id":"https:\/\/grayling.com\/es\/#\/schema\/logo\/image\/"}},{"@type":"Person","@id":"https:\/\/grayling.com\/es\/#\/schema\/person\/fa49ee060e5b0eae67d2cf03bb20547b","name":"Maria Jose Cuerva","image":{"@type":"ImageObject","inLanguage":"es","@id":"https:\/\/grayling.com\/es\/#\/schema\/person\/image\/","url":"https:\/\/secure.gravatar.com\/avatar\/3e3288cd2f9ba504a22ab536d307d6b095636e3627fb575fe0abd525028a1b56?s=96&d=mm&r=g","contentUrl":"https:\/\/secure.gravatar.com\/avatar\/3e3288cd2f9ba504a22ab536d307d6b095636e3627fb575fe0abd525028a1b56?s=96&d=mm&r=g","caption":"Maria Jose Cuerva"},"url":"https:\/\/grayling.com\/es\/news-and-views\/author\/maria-jose-cuerva\/"}]}},"_links":{"self":[{"href":"https:\/\/grayling.com\/es\/wp-json\/wp\/v2\/posts\/86380","targetHints":{"allow":["GET"]}}],"collection":[{"href":"https:\/\/grayling.com\/es\/wp-json\/wp\/v2\/posts"}],"about":[{"href":"https:\/\/grayling.com\/es\/wp-json\/wp\/v2\/types\/post"}],"author":[{"embeddable":true,"href":"https:\/\/grayling.com\/es\/wp-json\/wp\/v2\/users\/62"}],"replies":[{"embeddable":true,"href":"https:\/\/grayling.com\/es\/wp-json\/wp\/v2\/comments?post=86380"}],"version-history":[{"count":0,"href":"https:\/\/grayling.com\/es\/wp-json\/wp\/v2\/posts\/86380\/revisions"}],"wp:featuredmedia":[{"embeddable":true,"href":"https:\/\/grayling.com\/es\/wp-json\/wp\/v2\/media\/86386"}],"wp:attachment":[{"href":"https:\/\/grayling.com\/es\/wp-json\/wp\/v2\/media?parent=86380"}],"wp:term":[{"taxonomy":"category","embeddable":true,"href":"https:\/\/grayling.com\/es\/wp-json\/wp\/v2\/categories?post=86380"},{"taxonomy":"post_tag","embeddable":true,"href":"https:\/\/grayling.com\/es\/wp-json\/wp\/v2\/tags?post=86380"}],"curies":[{"name":"wp","href":"https:\/\/api.w.org\/{rel}","templated":true}]}}