{"id":65482,"date":"2025-02-13T16:37:44","date_gmt":"2025-02-13T16:37:44","guid":{"rendered":"https:\/\/grayling.com\/?p=65482"},"modified":"2025-02-14T09:53:05","modified_gmt":"2025-02-14T09:53:05","slug":"polonia-preside-el-consejo-de-la-ue-asuntos-financieros-competitividad-y-comercio","status":"publish","type":"post","link":"https:\/\/grayling.com\/es\/news-and-views\/polonia-preside-el-consejo-de-la-ue-asuntos-financieros-competitividad-y-comercio\/","title":{"rendered":"Polonia preside el Consejo de la UE: Asuntos Financieros, Competitividad y Comercio"},"content":{"rendered":"<p>Desde Grayling, destacamos las <strong>prioridades clave<\/strong> de la <strong>Presidencia polaca de la UE en 2025<\/strong> en <strong>Financiaci\u00f3n y Econom\u00eda<\/strong>:<\/p>\n<ol>\n<li>Defensa y Seguridad: Continuar la discusi\u00f3n sobre la financiaci\u00f3n de la defensa y las capacidades industriales.<\/li>\n<li>Precios de la Energ\u00eda: Reducir los efectos negativos de los altos precios de la energ\u00eda.<\/li>\n<li>Uni\u00f3n de los Mercados de Capitales: Mejorar la competitividad y atraer m\u00e1s inversi\u00f3n privada.<\/li>\n<li>Reforma de la Uni\u00f3n Aduanera: Avanzar en la creaci\u00f3n de la Autoridad Aduanera de la UE.<\/li>\n<li>Apoyo a Ucrania: Asegurar el apoyo econ\u00f3mico y de reconstrucci\u00f3n a largo plazo.<\/li>\n<li>Fiscalidad: Avanzar en la reforma fiscal, especialmente en el sector del comercio electr\u00f3nico.<br \/>\nEventos clave: <strong>Reuniones del ECOFIN<\/strong> y una reuni\u00f3n sobre cooperaci\u00f3n econ\u00f3mica <strong>UE-EE.UU.<\/strong><\/li>\n<\/ol>\n<ul>\n<li>Descarga el informe aqu\u00ed: <a href=\"https:\/\/grayling.com\/wp-content\/uploads\/2025\/02\/Informe-presidencia-Polonia-ASUNTOS-FINANCIEROS-1.pdf\">Informe presidencia Polonia &#8211; ASUNTOS FINANCIEROS<\/a><\/li>\n<\/ul>\n<p>y<strong> Competitividad y Comercio:<\/strong><\/p>\n<ol>\n<li>Competitividad: Optimizar el mercado \u00fanico y simplificar regulaciones.<\/li>\n<li>Pol\u00edtica Industrial: Fortalecer la competitividad y avanzar en la descarbonizaci\u00f3n.<\/li>\n<li>Comercio: Defender un sistema comercial justo y apoyar la reforma de la OMC.<\/li>\n<li>Propiedad Intelectual: Avanzar en el Paquete de Patentes.<\/li>\n<li>Espacio: Impulsar la ley espacial de la UE.<br \/>\nEventos clave: Reuniones del <strong>Consejo COMP<\/strong> y el <strong>Foro del Mercado \u00danico.<\/strong><\/li>\n<\/ol>\n<ul>\n<li>Descarga el informe aqu\u00ed: <a href=\"https:\/\/grayling.com\/wp-content\/uploads\/2025\/02\/Informe-presidencia-Polonia-COMPETITIVIDAD-Y-COMERCIO-1.pdf\">Informe presidencia Polonia &#8211; COMPETITIVIDAD Y COMERCIO<\/a><\/li>\n<\/ul>\n","protected":false},"excerpt":{"rendered":"Desde Grayling, destacamos las prioridades clave de la Presidencia polaca de la UE en 2025 en Financiaci\u00f3n y Econom\u00eda: Defensa y Seguridad: Continuar la discusi\u00f3n sobre la financiaci\u00f3n de la defensa y las capacidades industriales. Precios de la Energ\u00eda: Reducir los efectos negativos de los altos precios de la energ\u00eda. Uni\u00f3n de los Mercados de&#8230;","protected":false},"author":62,"featured_media":65483,"comment_status":"closed","ping_status":"open","sticky":false,"template":"","format":"standard","meta":{"_acf_changed":false,"footnotes":""},"categories":[292],"tags":[],"class_list":["post-65482","post","type-post","status-publish","format-standard","has-post-thumbnail","hentry","category-actualidad","Sector-asuntos-corporativosrelaciones-gubernamentales-y-asuntos-publicosrelaciones-internacionalessostenibilidad"],"yoast_head":"<!-- This site is optimized with the Yoast SEO plugin v28.3 - https:\/\/yoast.com\/product\/yoast-seo-wordpress\/ -->\n<title>Polonia preside el Consejo de la UE: Asuntos Financieros, Competitividad y Comercio - Grayling<\/title>\n<meta name=\"robots\" content=\"index, follow, max-snippet:-1, max-image-preview:large, max-video-preview:-1\" \/>\n<link rel=\"canonical\" href=\"https:\/\/grayling.com\/es\/news-and-views\/polonia-preside-el-consejo-de-la-ue-asuntos-financieros-competitividad-y-comercio\/\" \/>\n<meta property=\"og:locale\" content=\"es_ES\" \/>\n<meta property=\"og:type\" content=\"article\" \/>\n<meta property=\"og:title\" content=\"Polonia preside el Consejo de la UE: Asuntos Financieros, Competitividad y Comercio - Grayling\" \/>\n<meta property=\"og:description\" content=\"Desde Grayling, destacamos las prioridades clave de la Presidencia polaca de la UE en 2025 en Financiaci\u00f3n y Econom\u00eda: Defensa y Seguridad: Continuar la discusi\u00f3n sobre la financiaci\u00f3n de la defensa y las capacidades industriales. Precios de la Energ\u00eda: Reducir los efectos negativos de los altos precios de la energ\u00eda. Uni\u00f3n de los Mercados de...\" \/>\n<meta property=\"og:url\" content=\"https:\/\/grayling.com\/es\/news-and-views\/polonia-preside-el-consejo-de-la-ue-asuntos-financieros-competitividad-y-comercio\/\" \/>\n<meta property=\"og:site_name\" content=\"Grayling\" \/>\n<meta property=\"article:published_time\" content=\"2025-02-13T16:37:44+00:00\" \/>\n<meta property=\"article:modified_time\" content=\"2025-02-14T09:53:05+00:00\" \/>\n<meta property=\"og:image\" content=\"https:\/\/grayling.com\/wp-content\/uploads\/2025\/02\/Sin-titulo.png\" \/>\n\t<meta property=\"og:image:width\" content=\"782\" \/>\n\t<meta property=\"og:image:height\" content=\"601\" \/>\n\t<meta property=\"og:image:type\" content=\"image\/png\" \/>\n<meta name=\"author\" content=\"Maria Jose Cuerva\" \/>\n<meta name=\"twitter:card\" content=\"summary_large_image\" \/>\n<meta name=\"twitter:label1\" content=\"Escrito por\" \/>\n\t<meta name=\"twitter:data1\" content=\"Maria Jose Cuerva\" \/>\n\t<meta name=\"twitter:label2\" content=\"Tiempo de lectura\" \/>\n\t<meta name=\"twitter:data2\" content=\"1 minuto\" \/>\n<script type=\"application\/ld+json\" class=\"yoast-schema-graph\">{\"@context\":\"https:\\\/\\\/schema.org\",\"@graph\":[{\"@type\":\"Article\",\"@id\":\"https:\\\/\\\/grayling.com\\\/es\\\/news-and-views\\\/polonia-preside-el-consejo-de-la-ue-asuntos-financieros-competitividad-y-comercio\\\/#article\",\"isPartOf\":{\"@id\":\"https:\\\/\\\/grayling.com\\\/es\\\/news-and-views\\\/polonia-preside-el-consejo-de-la-ue-asuntos-financieros-competitividad-y-comercio\\\/\"},\"author\":{\"name\":\"Maria Jose Cuerva\",\"@id\":\"https:\\\/\\\/grayling.com\\\/es\\\/#\\\/schema\\\/person\\\/fa49ee060e5b0eae67d2cf03bb20547b\"},\"headline\":\"Polonia preside el Consejo de la UE: Asuntos Financieros, Competitividad y Comercio\",\"datePublished\":\"2025-02-13T16:37:44+00:00\",\"dateModified\":\"2025-02-14T09:53:05+00:00\",\"mainEntityOfPage\":{\"@id\":\"https:\\\/\\\/grayling.com\\\/es\\\/news-and-views\\\/polonia-preside-el-consejo-de-la-ue-asuntos-financieros-competitividad-y-comercio\\\/\"},\"wordCount\":233,\"publisher\":{\"@id\":\"https:\\\/\\\/grayling.com\\\/es\\\/#organization\"},\"image\":{\"@id\":\"https:\\\/\\\/grayling.com\\\/es\\\/news-and-views\\\/polonia-preside-el-consejo-de-la-ue-asuntos-financieros-competitividad-y-comercio\\\/#primaryimage\"},\"thumbnailUrl\":\"https:\\\/\\\/grayling.com\\\/wp-content\\\/uploads\\\/2025\\\/02\\\/Sin-titulo.png\",\"articleSection\":[\"Actualidad\"],\"inLanguage\":\"es\"},{\"@type\":\"WebPage\",\"@id\":\"https:\\\/\\\/grayling.com\\\/es\\\/news-and-views\\\/polonia-preside-el-consejo-de-la-ue-asuntos-financieros-competitividad-y-comercio\\\/\",\"url\":\"https:\\\/\\\/grayling.com\\\/es\\\/news-and-views\\\/polonia-preside-el-consejo-de-la-ue-asuntos-financieros-competitividad-y-comercio\\\/\",\"name\":\"Polonia preside el Consejo de la UE: Asuntos Financieros, Competitividad y Comercio - Grayling\",\"isPartOf\":{\"@id\":\"https:\\\/\\\/grayling.com\\\/es\\\/#website\"},\"primaryImageOfPage\":{\"@id\":\"https:\\\/\\\/grayling.com\\\/es\\\/news-and-views\\\/polonia-preside-el-consejo-de-la-ue-asuntos-financieros-competitividad-y-comercio\\\/#primaryimage\"},\"image\":{\"@id\":\"https:\\\/\\\/grayling.com\\\/es\\\/news-and-views\\\/polonia-preside-el-consejo-de-la-ue-asuntos-financieros-competitividad-y-comercio\\\/#primaryimage\"},\"thumbnailUrl\":\"https:\\\/\\\/grayling.com\\\/wp-content\\\/uploads\\\/2025\\\/02\\\/Sin-titulo.png\",\"datePublished\":\"2025-02-13T16:37:44+00:00\",\"dateModified\":\"2025-02-14T09:53:05+00:00\",\"breadcrumb\":{\"@id\":\"https:\\\/\\\/grayling.com\\\/es\\\/news-and-views\\\/polonia-preside-el-consejo-de-la-ue-asuntos-financieros-competitividad-y-comercio\\\/#breadcrumb\"},\"inLanguage\":\"es\",\"potentialAction\":[{\"@type\":\"ReadAction\",\"target\":[\"https:\\\/\\\/grayling.com\\\/es\\\/news-and-views\\\/polonia-preside-el-consejo-de-la-ue-asuntos-financieros-competitividad-y-comercio\\\/\"]}]},{\"@type\":\"ImageObject\",\"inLanguage\":\"es\",\"@id\":\"https:\\\/\\\/grayling.com\\\/es\\\/news-and-views\\\/polonia-preside-el-consejo-de-la-ue-asuntos-financieros-competitividad-y-comercio\\\/#primaryimage\",\"url\":\"https:\\\/\\\/grayling.com\\\/wp-content\\\/uploads\\\/2025\\\/02\\\/Sin-titulo.png\",\"contentUrl\":\"https:\\\/\\\/grayling.com\\\/wp-content\\\/uploads\\\/2025\\\/02\\\/Sin-titulo.png\",\"width\":782,\"height\":601},{\"@type\":\"BreadcrumbList\",\"@id\":\"https:\\\/\\\/grayling.com\\\/es\\\/news-and-views\\\/polonia-preside-el-consejo-de-la-ue-asuntos-financieros-competitividad-y-comercio\\\/#breadcrumb\",\"itemListElement\":[{\"@type\":\"ListItem\",\"position\":1,\"name\":\"Home\",\"item\":\"https:\\\/\\\/grayling.com\\\/es\\\/\"},{\"@type\":\"ListItem\",\"position\":2,\"name\":\"Polonia preside el Consejo de la UE: Asuntos Financieros, Competitividad y Comercio\"}]},{\"@type\":\"WebSite\",\"@id\":\"https:\\\/\\\/grayling.com\\\/es\\\/#website\",\"url\":\"https:\\\/\\\/grayling.com\\\/es\\\/\",\"name\":\"Grayling\",\"description\":\"We create advantage\",\"publisher\":{\"@id\":\"https:\\\/\\\/grayling.com\\\/es\\\/#organization\"},\"potentialAction\":[{\"@type\":\"SearchAction\",\"target\":{\"@type\":\"EntryPoint\",\"urlTemplate\":\"https:\\\/\\\/grayling.com\\\/es\\\/?s={search_term_string}\"},\"query-input\":{\"@type\":\"PropertyValueSpecification\",\"valueRequired\":true,\"valueName\":\"search_term_string\"}}],\"inLanguage\":\"es\"},{\"@type\":\"Organization\",\"@id\":\"https:\\\/\\\/grayling.com\\\/es\\\/#organization\",\"name\":\"Grayling\",\"url\":\"https:\\\/\\\/grayling.com\\\/es\\\/\",\"logo\":{\"@type\":\"ImageObject\",\"inLanguage\":\"es\",\"@id\":\"https:\\\/\\\/grayling.com\\\/es\\\/#\\\/schema\\\/logo\\\/image\\\/\",\"url\":\"https:\\\/\\\/grayling.com\\\/wp-content\\\/uploads\\\/2020\\\/08\\\/logo.jpg\",\"contentUrl\":\"https:\\\/\\\/grayling.com\\\/wp-content\\\/uploads\\\/2020\\\/08\\\/logo.jpg\",\"width\":2009,\"height\":510,\"caption\":\"Grayling\"},\"image\":{\"@id\":\"https:\\\/\\\/grayling.com\\\/es\\\/#\\\/schema\\\/logo\\\/image\\\/\"}},{\"@type\":\"Person\",\"@id\":\"https:\\\/\\\/grayling.com\\\/es\\\/#\\\/schema\\\/person\\\/fa49ee060e5b0eae67d2cf03bb20547b\",\"name\":\"Maria Jose Cuerva\",\"image\":{\"@type\":\"ImageObject\",\"inLanguage\":\"es\",\"@id\":\"https:\\\/\\\/secure.gravatar.com\\\/avatar\\\/3e3288cd2f9ba504a22ab536d307d6b095636e3627fb575fe0abd525028a1b56?s=96&d=mm&r=g\",\"url\":\"https:\\\/\\\/secure.gravatar.com\\\/avatar\\\/3e3288cd2f9ba504a22ab536d307d6b095636e3627fb575fe0abd525028a1b56?s=96&d=mm&r=g\",\"contentUrl\":\"https:\\\/\\\/secure.gravatar.com\\\/avatar\\\/3e3288cd2f9ba504a22ab536d307d6b095636e3627fb575fe0abd525028a1b56?s=96&d=mm&r=g\",\"caption\":\"Maria Jose Cuerva\"},\"url\":\"https:\\\/\\\/grayling.com\\\/es\\\/news-and-views\\\/author\\\/maria-jose-cuerva\\\/\"}]}<\/script>\n<!-- \/ Yoast SEO plugin. -->","yoast_head_json":{"title":"Polonia preside el Consejo de la UE: Asuntos Financieros, Competitividad y Comercio - Grayling","robots":{"index":"index","follow":"follow","max-snippet":"max-snippet:-1","max-image-preview":"max-image-preview:large","max-video-preview":"max-video-preview:-1"},"canonical":"https:\/\/grayling.com\/es\/news-and-views\/polonia-preside-el-consejo-de-la-ue-asuntos-financieros-competitividad-y-comercio\/","og_locale":"es_ES","og_type":"article","og_title":"Polonia preside el Consejo de la UE: Asuntos Financieros, Competitividad y Comercio - Grayling","og_description":"Desde Grayling, destacamos las prioridades clave de la Presidencia polaca de la UE en 2025 en Financiaci\u00f3n y Econom\u00eda: Defensa y Seguridad: Continuar la discusi\u00f3n sobre la financiaci\u00f3n de la defensa y las capacidades industriales. Precios de la Energ\u00eda: Reducir los efectos negativos de los altos precios de la energ\u00eda. Uni\u00f3n de los Mercados de...","og_url":"https:\/\/grayling.com\/es\/news-and-views\/polonia-preside-el-consejo-de-la-ue-asuntos-financieros-competitividad-y-comercio\/","og_site_name":"Grayling","article_published_time":"2025-02-13T16:37:44+00:00","article_modified_time":"2025-02-14T09:53:05+00:00","og_image":[{"width":782,"height":601,"url":"https:\/\/grayling.com\/wp-content\/uploads\/2025\/02\/Sin-titulo.png","type":"image\/png"}],"author":"Maria Jose Cuerva","twitter_card":"summary_large_image","twitter_misc":{"Escrito por":"Maria Jose Cuerva","Tiempo de lectura":"1 minuto"},"schema":{"@context":"https:\/\/schema.org","@graph":[{"@type":"Article","@id":"https:\/\/grayling.com\/es\/news-and-views\/polonia-preside-el-consejo-de-la-ue-asuntos-financieros-competitividad-y-comercio\/#article","isPartOf":{"@id":"https:\/\/grayling.com\/es\/news-and-views\/polonia-preside-el-consejo-de-la-ue-asuntos-financieros-competitividad-y-comercio\/"},"author":{"name":"Maria Jose Cuerva","@id":"https:\/\/grayling.com\/es\/#\/schema\/person\/fa49ee060e5b0eae67d2cf03bb20547b"},"headline":"Polonia preside el Consejo de la UE: Asuntos Financieros, Competitividad y Comercio","datePublished":"2025-02-13T16:37:44+00:00","dateModified":"2025-02-14T09:53:05+00:00","mainEntityOfPage":{"@id":"https:\/\/grayling.com\/es\/news-and-views\/polonia-preside-el-consejo-de-la-ue-asuntos-financieros-competitividad-y-comercio\/"},"wordCount":233,"publisher":{"@id":"https:\/\/grayling.com\/es\/#organization"},"image":{"@id":"https:\/\/grayling.com\/es\/news-and-views\/polonia-preside-el-consejo-de-la-ue-asuntos-financieros-competitividad-y-comercio\/#primaryimage"},"thumbnailUrl":"https:\/\/grayling.com\/wp-content\/uploads\/2025\/02\/Sin-titulo.png","articleSection":["Actualidad"],"inLanguage":"es"},{"@type":"WebPage","@id":"https:\/\/grayling.com\/es\/news-and-views\/polonia-preside-el-consejo-de-la-ue-asuntos-financieros-competitividad-y-comercio\/","url":"https:\/\/grayling.com\/es\/news-and-views\/polonia-preside-el-consejo-de-la-ue-asuntos-financieros-competitividad-y-comercio\/","name":"Polonia preside el Consejo de la UE: Asuntos Financieros, Competitividad y Comercio - Grayling","isPartOf":{"@id":"https:\/\/grayling.com\/es\/#website"},"primaryImageOfPage":{"@id":"https:\/\/grayling.com\/es\/news-and-views\/polonia-preside-el-consejo-de-la-ue-asuntos-financieros-competitividad-y-comercio\/#primaryimage"},"image":{"@id":"https:\/\/grayling.com\/es\/news-and-views\/polonia-preside-el-consejo-de-la-ue-asuntos-financieros-competitividad-y-comercio\/#primaryimage"},"thumbnailUrl":"https:\/\/grayling.com\/wp-content\/uploads\/2025\/02\/Sin-titulo.png","datePublished":"2025-02-13T16:37:44+00:00","dateModified":"2025-02-14T09:53:05+00:00","breadcrumb":{"@id":"https:\/\/grayling.com\/es\/news-and-views\/polonia-preside-el-consejo-de-la-ue-asuntos-financieros-competitividad-y-comercio\/#breadcrumb"},"inLanguage":"es","potentialAction":[{"@type":"ReadAction","target":["https:\/\/grayling.com\/es\/news-and-views\/polonia-preside-el-consejo-de-la-ue-asuntos-financieros-competitividad-y-comercio\/"]}]},{"@type":"ImageObject","inLanguage":"es","@id":"https:\/\/grayling.com\/es\/news-and-views\/polonia-preside-el-consejo-de-la-ue-asuntos-financieros-competitividad-y-comercio\/#primaryimage","url":"https:\/\/grayling.com\/wp-content\/uploads\/2025\/02\/Sin-titulo.png","contentUrl":"https:\/\/grayling.com\/wp-content\/uploads\/2025\/02\/Sin-titulo.png","width":782,"height":601},{"@type":"BreadcrumbList","@id":"https:\/\/grayling.com\/es\/news-and-views\/polonia-preside-el-consejo-de-la-ue-asuntos-financieros-competitividad-y-comercio\/#breadcrumb","itemListElement":[{"@type":"ListItem","position":1,"name":"Home","item":"https:\/\/grayling.com\/es\/"},{"@type":"ListItem","position":2,"name":"Polonia preside el Consejo de la UE: Asuntos Financieros, Competitividad y Comercio"}]},{"@type":"WebSite","@id":"https:\/\/grayling.com\/es\/#website","url":"https:\/\/grayling.com\/es\/","name":"Grayling","description":"We create advantage","publisher":{"@id":"https:\/\/grayling.com\/es\/#organization"},"potentialAction":[{"@type":"SearchAction","target":{"@type":"EntryPoint","urlTemplate":"https:\/\/grayling.com\/es\/?s={search_term_string}"},"query-input":{"@type":"PropertyValueSpecification","valueRequired":true,"valueName":"search_term_string"}}],"inLanguage":"es"},{"@type":"Organization","@id":"https:\/\/grayling.com\/es\/#organization","name":"Grayling","url":"https:\/\/grayling.com\/es\/","logo":{"@type":"ImageObject","inLanguage":"es","@id":"https:\/\/grayling.com\/es\/#\/schema\/logo\/image\/","url":"https:\/\/grayling.com\/wp-content\/uploads\/2020\/08\/logo.jpg","contentUrl":"https:\/\/grayling.com\/wp-content\/uploads\/2020\/08\/logo.jpg","width":2009,"height":510,"caption":"Grayling"},"image":{"@id":"https:\/\/grayling.com\/es\/#\/schema\/logo\/image\/"}},{"@type":"Person","@id":"https:\/\/grayling.com\/es\/#\/schema\/person\/fa49ee060e5b0eae67d2cf03bb20547b","name":"Maria Jose Cuerva","image":{"@type":"ImageObject","inLanguage":"es","@id":"https:\/\/secure.gravatar.com\/avatar\/3e3288cd2f9ba504a22ab536d307d6b095636e3627fb575fe0abd525028a1b56?s=96&d=mm&r=g","url":"https:\/\/secure.gravatar.com\/avatar\/3e3288cd2f9ba504a22ab536d307d6b095636e3627fb575fe0abd525028a1b56?s=96&d=mm&r=g","contentUrl":"https:\/\/secure.gravatar.com\/avatar\/3e3288cd2f9ba504a22ab536d307d6b095636e3627fb575fe0abd525028a1b56?s=96&d=mm&r=g","caption":"Maria Jose Cuerva"},"url":"https:\/\/grayling.com\/es\/news-and-views\/author\/maria-jose-cuerva\/"}]}},"acf":[],"_links":{"self":[{"href":"https:\/\/grayling.com\/es\/wp-json\/wp\/v2\/posts\/65482","targetHints":{"allow":["GET"]}}],"collection":[{"href":"https:\/\/grayling.com\/es\/wp-json\/wp\/v2\/posts"}],"about":[{"href":"https:\/\/grayling.com\/es\/wp-json\/wp\/v2\/types\/post"}],"author":[{"embeddable":true,"href":"https:\/\/grayling.com\/es\/wp-json\/wp\/v2\/users\/62"}],"replies":[{"embeddable":true,"href":"https:\/\/grayling.com\/es\/wp-json\/wp\/v2\/comments?post=65482"}],"version-history":[{"count":0,"href":"https:\/\/grayling.com\/es\/wp-json\/wp\/v2\/posts\/65482\/revisions"}],"wp:featuredmedia":[{"embeddable":true,"href":"https:\/\/grayling.com\/es\/wp-json\/wp\/v2\/media\/65483"}],"wp:attachment":[{"href":"https:\/\/grayling.com\/es\/wp-json\/wp\/v2\/media?parent=65482"}],"wp:term":[{"taxonomy":"category","embeddable":true,"href":"https:\/\/grayling.com\/es\/wp-json\/wp\/v2\/categories?post=65482"},{"taxonomy":"post_tag","embeddable":true,"href":"https:\/\/grayling.com\/es\/wp-json\/wp\/v2\/tags?post=65482"}],"curies":[{"name":"wp","href":"https:\/\/api.w.org\/{rel}","templated":true}]}}