{"id":55107,"date":"2024-06-11T09:47:09","date_gmt":"2024-06-11T08:47:09","guid":{"rendered":"https:\/\/grayling.com\/?p=55107"},"modified":"2024-06-11T09:47:09","modified_gmt":"2024-06-11T08:47:09","slug":"analisis-de-las-elecciones-al-parlamento-europeo","status":"publish","type":"post","link":"https:\/\/grayling.com\/es\/news-and-views\/analisis-de-las-elecciones-al-parlamento-europeo\/","title":{"rendered":"An\u00e1lisis de las elecciones al Parlamento Europeo"},"content":{"rendered":"<p>En nuestro reciente informe sobre los resultados electorales en Europa, abordamos los puntos clave de la jornada. Destcamaos que el Partido Popular Europeo (EPP) ha ganado las elecciones al Parlamento Europeo con 185 esca\u00f1os, mientras que los grupos de extrema derecha han incrementado su presencia, lo que podr\u00eda inclinar la pol\u00edtica de la UE hacia la derecha. Y, como era de esperarse, Ursula von der Leyen enfrenta retos significativos para mantener su posici\u00f3n como Presidenta de la Comisi\u00f3n Europea.<\/p>\n<p>En Espa\u00f1a, el Partido Popular (PP) ha obtenido 22 esca\u00f1os, superando al PSOE, que ha conseguido 20 esca\u00f1os. VOX se consolida como la tercera fuerza pol\u00edtica, reflejando un cambio hacia la derecha. Por otro lado, los partidos de izquierda, como SUMAR y PODEMOS, han perdido apoyo.<\/p>\n<p>En nuestro informe encontrar\u00e1s estos resultados y otros aspectos importantes, analizando sus implicaciones tanto a nivel nacional como europeo. Puedes descargar el informe <a href=\"https:\/\/grayling.com\/wp-content\/uploads\/2024\/06\/PA-Grayling-Electoral-Report-UE-V.F.pdf\">aqu\u00ed.<\/a><\/p>\n","protected":false},"excerpt":{"rendered":"En nuestro reciente informe sobre los resultados electorales en Europa, abordamos los puntos clave de la jornada. Destcamaos que el Partido Popular Europeo (EPP) ha ganado las elecciones al Parlamento Europeo con 185 esca\u00f1os, mientras que los grupos de extrema derecha han incrementado su presencia, lo que podr\u00eda inclinar la pol\u00edtica de la UE hacia&#8230;","protected":false},"author":62,"featured_media":55112,"comment_status":"closed","ping_status":"open","sticky":false,"template":"","format":"standard","meta":{"footnotes":""},"categories":[292],"tags":[],"class_list":["post-55107","post","type-post","status-publish","format-standard","has-post-thumbnail","hentry","category-actualidad","Sector-asuntos-corporativosrelaciones-gubernamentales-y-asuntos-publicosrelaciones-internacionalessostenibilidad"],"acf":[],"yoast_head":"<!-- This site is optimized with the Yoast SEO plugin v26.9 - https:\/\/yoast.com\/product\/yoast-seo-wordpress\/ -->\n<title>An\u00e1lisis de las elecciones al Parlamento Europeo - Grayling<\/title>\n<meta name=\"robots\" content=\"index, follow, max-snippet:-1, max-image-preview:large, max-video-preview:-1\" \/>\n<link rel=\"canonical\" href=\"https:\/\/grayling.com\/es\/news-and-views\/analisis-de-las-elecciones-al-parlamento-europeo\/\" \/>\n<meta property=\"og:locale\" content=\"es_ES\" \/>\n<meta property=\"og:type\" content=\"article\" \/>\n<meta property=\"og:title\" content=\"An\u00e1lisis de las elecciones al Parlamento Europeo - Grayling\" \/>\n<meta property=\"og:description\" content=\"En nuestro reciente informe sobre los resultados electorales en Europa, abordamos los puntos clave de la jornada. Destcamaos que el Partido Popular Europeo (EPP) ha ganado las elecciones al Parlamento Europeo con 185 esca\u00f1os, mientras que los grupos de extrema derecha han incrementado su presencia, lo que podr\u00eda inclinar la pol\u00edtica de la UE hacia...\" \/>\n<meta property=\"og:url\" content=\"https:\/\/grayling.com\/es\/news-and-views\/analisis-de-las-elecciones-al-parlamento-europeo\/\" \/>\n<meta property=\"og:site_name\" content=\"Grayling\" \/>\n<meta property=\"article:published_time\" content=\"2024-06-11T08:47:09+00:00\" \/>\n<meta property=\"og:image\" content=\"https:\/\/grayling.com\/wp-content\/uploads\/2024\/06\/imagen-1.png\" \/>\n\t<meta property=\"og:image:width\" content=\"953\" \/>\n\t<meta property=\"og:image:height\" content=\"475\" \/>\n\t<meta property=\"og:image:type\" content=\"image\/png\" \/>\n<meta name=\"author\" content=\"Maria Jose Cuerva\" \/>\n<meta name=\"twitter:card\" content=\"summary_large_image\" \/>\n<meta name=\"twitter:label1\" content=\"Escrito por\" \/>\n\t<meta name=\"twitter:data1\" content=\"Maria Jose Cuerva\" \/>\n\t<meta name=\"twitter:label2\" content=\"Tiempo de lectura\" \/>\n\t<meta name=\"twitter:data2\" content=\"1 minuto\" \/>\n<script type=\"application\/ld+json\" class=\"yoast-schema-graph\">{\"@context\":\"https:\/\/schema.org\",\"@graph\":[{\"@type\":\"Article\",\"@id\":\"https:\/\/grayling.com\/es\/news-and-views\/analisis-de-las-elecciones-al-parlamento-europeo\/#article\",\"isPartOf\":{\"@id\":\"https:\/\/grayling.com\/es\/news-and-views\/analisis-de-las-elecciones-al-parlamento-europeo\/\"},\"author\":{\"name\":\"Maria Jose Cuerva\",\"@id\":\"https:\/\/grayling.com\/es\/#\/schema\/person\/fa49ee060e5b0eae67d2cf03bb20547b\"},\"headline\":\"An\u00e1lisis de las elecciones al Parlamento Europeo\",\"datePublished\":\"2024-06-11T08:47:09+00:00\",\"mainEntityOfPage\":{\"@id\":\"https:\/\/grayling.com\/es\/news-and-views\/analisis-de-las-elecciones-al-parlamento-europeo\/\"},\"wordCount\":164,\"publisher\":{\"@id\":\"https:\/\/grayling.com\/es\/#organization\"},\"image\":{\"@id\":\"https:\/\/grayling.com\/es\/news-and-views\/analisis-de-las-elecciones-al-parlamento-europeo\/#primaryimage\"},\"thumbnailUrl\":\"https:\/\/grayling.com\/wp-content\/uploads\/2024\/06\/imagen-1.png\",\"articleSection\":[\"Actualidad\"],\"inLanguage\":\"es\"},{\"@type\":\"WebPage\",\"@id\":\"https:\/\/grayling.com\/es\/news-and-views\/analisis-de-las-elecciones-al-parlamento-europeo\/\",\"url\":\"https:\/\/grayling.com\/es\/news-and-views\/analisis-de-las-elecciones-al-parlamento-europeo\/\",\"name\":\"An\u00e1lisis de las elecciones al Parlamento Europeo - Grayling\",\"isPartOf\":{\"@id\":\"https:\/\/grayling.com\/es\/#website\"},\"primaryImageOfPage\":{\"@id\":\"https:\/\/grayling.com\/es\/news-and-views\/analisis-de-las-elecciones-al-parlamento-europeo\/#primaryimage\"},\"image\":{\"@id\":\"https:\/\/grayling.com\/es\/news-and-views\/analisis-de-las-elecciones-al-parlamento-europeo\/#primaryimage\"},\"thumbnailUrl\":\"https:\/\/grayling.com\/wp-content\/uploads\/2024\/06\/imagen-1.png\",\"datePublished\":\"2024-06-11T08:47:09+00:00\",\"breadcrumb\":{\"@id\":\"https:\/\/grayling.com\/es\/news-and-views\/analisis-de-las-elecciones-al-parlamento-europeo\/#breadcrumb\"},\"inLanguage\":\"es\",\"potentialAction\":[{\"@type\":\"ReadAction\",\"target\":[\"https:\/\/grayling.com\/es\/news-and-views\/analisis-de-las-elecciones-al-parlamento-europeo\/\"]}]},{\"@type\":\"ImageObject\",\"inLanguage\":\"es\",\"@id\":\"https:\/\/grayling.com\/es\/news-and-views\/analisis-de-las-elecciones-al-parlamento-europeo\/#primaryimage\",\"url\":\"https:\/\/grayling.com\/wp-content\/uploads\/2024\/06\/imagen-1.png\",\"contentUrl\":\"https:\/\/grayling.com\/wp-content\/uploads\/2024\/06\/imagen-1.png\",\"width\":953,\"height\":475},{\"@type\":\"BreadcrumbList\",\"@id\":\"https:\/\/grayling.com\/es\/news-and-views\/analisis-de-las-elecciones-al-parlamento-europeo\/#breadcrumb\",\"itemListElement\":[{\"@type\":\"ListItem\",\"position\":1,\"name\":\"Home\",\"item\":\"https:\/\/grayling.com\/es\/\"},{\"@type\":\"ListItem\",\"position\":2,\"name\":\"An\u00e1lisis de las elecciones al Parlamento Europeo\"}]},{\"@type\":\"WebSite\",\"@id\":\"https:\/\/grayling.com\/es\/#website\",\"url\":\"https:\/\/grayling.com\/es\/\",\"name\":\"Grayling\",\"description\":\"We create advantage\",\"publisher\":{\"@id\":\"https:\/\/grayling.com\/es\/#organization\"},\"potentialAction\":[{\"@type\":\"SearchAction\",\"target\":{\"@type\":\"EntryPoint\",\"urlTemplate\":\"https:\/\/grayling.com\/es\/?s={search_term_string}\"},\"query-input\":{\"@type\":\"PropertyValueSpecification\",\"valueRequired\":true,\"valueName\":\"search_term_string\"}}],\"inLanguage\":\"es\"},{\"@type\":\"Organization\",\"@id\":\"https:\/\/grayling.com\/es\/#organization\",\"name\":\"Grayling\",\"url\":\"https:\/\/grayling.com\/es\/\",\"logo\":{\"@type\":\"ImageObject\",\"inLanguage\":\"es\",\"@id\":\"https:\/\/grayling.com\/es\/#\/schema\/logo\/image\/\",\"url\":\"https:\/\/grayling.com\/wp-content\/uploads\/2020\/08\/logo.jpg\",\"contentUrl\":\"https:\/\/grayling.com\/wp-content\/uploads\/2020\/08\/logo.jpg\",\"width\":2009,\"height\":510,\"caption\":\"Grayling\"},\"image\":{\"@id\":\"https:\/\/grayling.com\/es\/#\/schema\/logo\/image\/\"}},{\"@type\":\"Person\",\"@id\":\"https:\/\/grayling.com\/es\/#\/schema\/person\/fa49ee060e5b0eae67d2cf03bb20547b\",\"name\":\"Maria Jose Cuerva\",\"image\":{\"@type\":\"ImageObject\",\"inLanguage\":\"es\",\"@id\":\"https:\/\/grayling.com\/es\/#\/schema\/person\/image\/\",\"url\":\"https:\/\/secure.gravatar.com\/avatar\/3e3288cd2f9ba504a22ab536d307d6b095636e3627fb575fe0abd525028a1b56?s=96&d=mm&r=g\",\"contentUrl\":\"https:\/\/secure.gravatar.com\/avatar\/3e3288cd2f9ba504a22ab536d307d6b095636e3627fb575fe0abd525028a1b56?s=96&d=mm&r=g\",\"caption\":\"Maria Jose Cuerva\"},\"url\":\"https:\/\/grayling.com\/es\/news-and-views\/author\/maria-jose-cuerva\/\"}]}<\/script>\n<!-- \/ Yoast SEO plugin. -->","yoast_head_json":{"title":"An\u00e1lisis de las elecciones al Parlamento Europeo - Grayling","robots":{"index":"index","follow":"follow","max-snippet":"max-snippet:-1","max-image-preview":"max-image-preview:large","max-video-preview":"max-video-preview:-1"},"canonical":"https:\/\/grayling.com\/es\/news-and-views\/analisis-de-las-elecciones-al-parlamento-europeo\/","og_locale":"es_ES","og_type":"article","og_title":"An\u00e1lisis de las elecciones al Parlamento Europeo - Grayling","og_description":"En nuestro reciente informe sobre los resultados electorales en Europa, abordamos los puntos clave de la jornada. Destcamaos que el Partido Popular Europeo (EPP) ha ganado las elecciones al Parlamento Europeo con 185 esca\u00f1os, mientras que los grupos de extrema derecha han incrementado su presencia, lo que podr\u00eda inclinar la pol\u00edtica de la UE hacia...","og_url":"https:\/\/grayling.com\/es\/news-and-views\/analisis-de-las-elecciones-al-parlamento-europeo\/","og_site_name":"Grayling","article_published_time":"2024-06-11T08:47:09+00:00","og_image":[{"width":953,"height":475,"url":"https:\/\/grayling.com\/wp-content\/uploads\/2024\/06\/imagen-1.png","type":"image\/png"}],"author":"Maria Jose Cuerva","twitter_card":"summary_large_image","twitter_misc":{"Escrito por":"Maria Jose Cuerva","Tiempo de lectura":"1 minuto"},"schema":{"@context":"https:\/\/schema.org","@graph":[{"@type":"Article","@id":"https:\/\/grayling.com\/es\/news-and-views\/analisis-de-las-elecciones-al-parlamento-europeo\/#article","isPartOf":{"@id":"https:\/\/grayling.com\/es\/news-and-views\/analisis-de-las-elecciones-al-parlamento-europeo\/"},"author":{"name":"Maria Jose Cuerva","@id":"https:\/\/grayling.com\/es\/#\/schema\/person\/fa49ee060e5b0eae67d2cf03bb20547b"},"headline":"An\u00e1lisis de las elecciones al Parlamento Europeo","datePublished":"2024-06-11T08:47:09+00:00","mainEntityOfPage":{"@id":"https:\/\/grayling.com\/es\/news-and-views\/analisis-de-las-elecciones-al-parlamento-europeo\/"},"wordCount":164,"publisher":{"@id":"https:\/\/grayling.com\/es\/#organization"},"image":{"@id":"https:\/\/grayling.com\/es\/news-and-views\/analisis-de-las-elecciones-al-parlamento-europeo\/#primaryimage"},"thumbnailUrl":"https:\/\/grayling.com\/wp-content\/uploads\/2024\/06\/imagen-1.png","articleSection":["Actualidad"],"inLanguage":"es"},{"@type":"WebPage","@id":"https:\/\/grayling.com\/es\/news-and-views\/analisis-de-las-elecciones-al-parlamento-europeo\/","url":"https:\/\/grayling.com\/es\/news-and-views\/analisis-de-las-elecciones-al-parlamento-europeo\/","name":"An\u00e1lisis de las elecciones al Parlamento Europeo - Grayling","isPartOf":{"@id":"https:\/\/grayling.com\/es\/#website"},"primaryImageOfPage":{"@id":"https:\/\/grayling.com\/es\/news-and-views\/analisis-de-las-elecciones-al-parlamento-europeo\/#primaryimage"},"image":{"@id":"https:\/\/grayling.com\/es\/news-and-views\/analisis-de-las-elecciones-al-parlamento-europeo\/#primaryimage"},"thumbnailUrl":"https:\/\/grayling.com\/wp-content\/uploads\/2024\/06\/imagen-1.png","datePublished":"2024-06-11T08:47:09+00:00","breadcrumb":{"@id":"https:\/\/grayling.com\/es\/news-and-views\/analisis-de-las-elecciones-al-parlamento-europeo\/#breadcrumb"},"inLanguage":"es","potentialAction":[{"@type":"ReadAction","target":["https:\/\/grayling.com\/es\/news-and-views\/analisis-de-las-elecciones-al-parlamento-europeo\/"]}]},{"@type":"ImageObject","inLanguage":"es","@id":"https:\/\/grayling.com\/es\/news-and-views\/analisis-de-las-elecciones-al-parlamento-europeo\/#primaryimage","url":"https:\/\/grayling.com\/wp-content\/uploads\/2024\/06\/imagen-1.png","contentUrl":"https:\/\/grayling.com\/wp-content\/uploads\/2024\/06\/imagen-1.png","width":953,"height":475},{"@type":"BreadcrumbList","@id":"https:\/\/grayling.com\/es\/news-and-views\/analisis-de-las-elecciones-al-parlamento-europeo\/#breadcrumb","itemListElement":[{"@type":"ListItem","position":1,"name":"Home","item":"https:\/\/grayling.com\/es\/"},{"@type":"ListItem","position":2,"name":"An\u00e1lisis de las elecciones al Parlamento Europeo"}]},{"@type":"WebSite","@id":"https:\/\/grayling.com\/es\/#website","url":"https:\/\/grayling.com\/es\/","name":"Grayling","description":"We create advantage","publisher":{"@id":"https:\/\/grayling.com\/es\/#organization"},"potentialAction":[{"@type":"SearchAction","target":{"@type":"EntryPoint","urlTemplate":"https:\/\/grayling.com\/es\/?s={search_term_string}"},"query-input":{"@type":"PropertyValueSpecification","valueRequired":true,"valueName":"search_term_string"}}],"inLanguage":"es"},{"@type":"Organization","@id":"https:\/\/grayling.com\/es\/#organization","name":"Grayling","url":"https:\/\/grayling.com\/es\/","logo":{"@type":"ImageObject","inLanguage":"es","@id":"https:\/\/grayling.com\/es\/#\/schema\/logo\/image\/","url":"https:\/\/grayling.com\/wp-content\/uploads\/2020\/08\/logo.jpg","contentUrl":"https:\/\/grayling.com\/wp-content\/uploads\/2020\/08\/logo.jpg","width":2009,"height":510,"caption":"Grayling"},"image":{"@id":"https:\/\/grayling.com\/es\/#\/schema\/logo\/image\/"}},{"@type":"Person","@id":"https:\/\/grayling.com\/es\/#\/schema\/person\/fa49ee060e5b0eae67d2cf03bb20547b","name":"Maria Jose Cuerva","image":{"@type":"ImageObject","inLanguage":"es","@id":"https:\/\/grayling.com\/es\/#\/schema\/person\/image\/","url":"https:\/\/secure.gravatar.com\/avatar\/3e3288cd2f9ba504a22ab536d307d6b095636e3627fb575fe0abd525028a1b56?s=96&d=mm&r=g","contentUrl":"https:\/\/secure.gravatar.com\/avatar\/3e3288cd2f9ba504a22ab536d307d6b095636e3627fb575fe0abd525028a1b56?s=96&d=mm&r=g","caption":"Maria Jose Cuerva"},"url":"https:\/\/grayling.com\/es\/news-and-views\/author\/maria-jose-cuerva\/"}]}},"_links":{"self":[{"href":"https:\/\/grayling.com\/es\/wp-json\/wp\/v2\/posts\/55107","targetHints":{"allow":["GET"]}}],"collection":[{"href":"https:\/\/grayling.com\/es\/wp-json\/wp\/v2\/posts"}],"about":[{"href":"https:\/\/grayling.com\/es\/wp-json\/wp\/v2\/types\/post"}],"author":[{"embeddable":true,"href":"https:\/\/grayling.com\/es\/wp-json\/wp\/v2\/users\/62"}],"replies":[{"embeddable":true,"href":"https:\/\/grayling.com\/es\/wp-json\/wp\/v2\/comments?post=55107"}],"version-history":[{"count":0,"href":"https:\/\/grayling.com\/es\/wp-json\/wp\/v2\/posts\/55107\/revisions"}],"wp:featuredmedia":[{"embeddable":true,"href":"https:\/\/grayling.com\/es\/wp-json\/wp\/v2\/media\/55112"}],"wp:attachment":[{"href":"https:\/\/grayling.com\/es\/wp-json\/wp\/v2\/media?parent=55107"}],"wp:term":[{"taxonomy":"category","embeddable":true,"href":"https:\/\/grayling.com\/es\/wp-json\/wp\/v2\/categories?post=55107"},{"taxonomy":"post_tag","embeddable":true,"href":"https:\/\/grayling.com\/es\/wp-json\/wp\/v2\/tags?post=55107"}],"curies":[{"name":"wp","href":"https:\/\/api.w.org\/{rel}","templated":true}]}}