{"id":54992,"date":"2024-06-05T14:27:54","date_gmt":"2024-06-05T13:27:54","guid":{"rendered":"https:\/\/grayling.com\/?p=54992"},"modified":"2024-06-05T14:27:54","modified_gmt":"2024-06-05T13:27:54","slug":"podcast-el-canal-ideal-para-conectar-y-atraer-talento-joven","status":"publish","type":"post","link":"https:\/\/grayling.com\/es\/news-and-views\/podcast-el-canal-ideal-para-conectar-y-atraer-talento-joven\/","title":{"rendered":"Podcast: el canal ideal para conectar  y atraer talento joven"},"content":{"rendered":"<p>En un mundo donde la digitalizaci\u00f3n avanza a pasos agigantados y el contenido se alza como el l\u00edder indiscutible, los podcasts emergen como la joya de la corona para las empresas que aspiran a conectar con la generaci\u00f3n Z. Esta audiencia, nativa digital y con una inclinaci\u00f3n por contenidos que est\u00e9n lo m\u00e1s alineados con sus valores y aspiraciones, encuentra en los podcasts un medio ideal para explorar, aprender y conectar.<\/p>\n<p><strong>Crecimiento en auge<\/strong><\/p>\n<p>En Espa\u00f1a, m\u00e1s del 50% de la generaci\u00f3n Z ha escuchado al menos un podcast en el \u00faltimo a\u00f1o, seg\u00fan el informe \u201cH\u00e1bitos de consumo de podcasts de la generaci\u00f3n Z en Espa\u00f1a en 2023\u201d de Spotify. Esta cifra no solo refleja la popularidad del formato, sino tambi\u00e9n su potencial para servir como un puente entre las marcas y el talento joven. La diversificaci\u00f3n de temas, desde comedia hasta educaci\u00f3n, refleja un espectro amplio de intereses que los podcasts est\u00e1n satisfaciendo con \u00e9xito\u200b\u200b.<\/p>\n<p><strong>Parte de su d\u00eda a d\u00eda<\/strong><\/p>\n<p>En el \u00faltimo informe de Observatorio iVoox 2023, se destaca que el 97,20% de la escucha de podcasts se realiza desde dispositivos m\u00f3viles, lo que refleja la importancia de este medio en la vida cotidiana de los oyentes. Con una media de 9,5 horas a la semana dedicadas a escuchar podcasts, es evidente que este formato ha calado profundamente en los h\u00e1bitos de consumo de medios de la generaci\u00f3n Z\u200b\u200b.<\/p>\n<p><strong>Apoyo y monetizaci\u00f3n<\/strong><\/p>\n<p>La disposici\u00f3n a apoyar econ\u00f3micamente a los podcasts es notable, con un 58,31% de los oyentes dispuestos a contribuir financieramente. Esto no solo refleja un compromiso con los creadores de contenido, sino tambi\u00e9n un cambio en la percepci\u00f3n del valor del contenido digital. Para las marcas, esto representa una oportunidad ideal para participar en un espacio donde los usuarios est\u00e1n comprometidos con el formato y dispuestos a escuchar e invertir\u200b\u200b.<\/p>\n<p><strong>Confianza en la publicidad<\/strong><\/p>\n<p>La publicidad en podcasts tambi\u00e9n est\u00e1 recibiendo una respuesta positiva, con el 55,59% de los oyentes abiertos a escuchar anuncios y un considerable 69,46% dispuestos a confiar en marcas anunciadas por sus podcasters favoritos. Este nivel de confianza y receptividad ofrece a las empresas una plataforma \u00fanica para llegar a la generaci\u00f3n Z de manera efectiva y directa\u200b\u200b.<\/p>\n<p>En conclusi\u00f3n, los podcasts se presentan como una oportunidad inigualable para las empresas que buscan conectar con la generaci\u00f3n Z. Al ofrecer contenido que es simult\u00e1neamente educativo, entretenido y profundamente conectado con los valores e intereses de esta audiencia, las marcas pueden establecer un di\u00e1logo genuino y duradero con el talento joven (algo que ans\u00eda y valora considerablemente la generaci\u00f3n Z). Por eso, en un mercado laboral cada vez m\u00e1s competitivo, los podcasts representan no solo un medio de comunicaci\u00f3n, sino una estrategia esencial para atraer, involucrar y retener a la pr\u00f3xima generaci\u00f3n de l\u00edderes.<\/p>\n<p>&nbsp;<\/p>\n<p>Areli Castillo Osorio<\/p>\n<p>Consultora<\/p>\n","protected":false},"excerpt":{"rendered":"En un mundo donde la digitalizaci\u00f3n avanza a pasos agigantados y el contenido se alza como el l\u00edder indiscutible, los podcasts emergen como la joya de la corona para las empresas que aspiran a conectar con la generaci\u00f3n Z. Esta audiencia, nativa digital y con una inclinaci\u00f3n por contenidos que est\u00e9n lo m\u00e1s alineados con&#8230;","protected":false},"author":62,"featured_media":54993,"comment_status":"closed","ping_status":"open","sticky":false,"template":"","format":"standard","meta":{"footnotes":""},"categories":[278],"tags":[],"class_list":["post-54992","post","type-post","status-publish","format-standard","has-post-thumbnail","hentry","category-comentario","Sector-consumer-pr-and-brand-communications-es","Sector-creative-services-es","Sector-design-and-content-production-es"],"acf":[],"yoast_head":"<!-- This site is optimized with the Yoast SEO plugin v26.9 - https:\/\/yoast.com\/product\/yoast-seo-wordpress\/ -->\n<title>Podcast: el canal ideal para conectar y atraer talento joven - Grayling<\/title>\n<meta name=\"robots\" content=\"index, follow, max-snippet:-1, max-image-preview:large, max-video-preview:-1\" \/>\n<link rel=\"canonical\" href=\"https:\/\/grayling.com\/es\/news-and-views\/podcast-el-canal-ideal-para-conectar-y-atraer-talento-joven\/\" \/>\n<meta property=\"og:locale\" content=\"es_ES\" \/>\n<meta property=\"og:type\" content=\"article\" \/>\n<meta property=\"og:title\" content=\"Podcast: el canal ideal para conectar y atraer talento joven - Grayling\" \/>\n<meta property=\"og:description\" content=\"En un mundo donde la digitalizaci\u00f3n avanza a pasos agigantados y el contenido se alza como el l\u00edder indiscutible, los podcasts emergen como la joya de la corona para las empresas que aspiran a conectar con la generaci\u00f3n Z. Esta audiencia, nativa digital y con una inclinaci\u00f3n por contenidos que est\u00e9n lo m\u00e1s alineados con...\" \/>\n<meta property=\"og:url\" content=\"https:\/\/grayling.com\/es\/news-and-views\/podcast-el-canal-ideal-para-conectar-y-atraer-talento-joven\/\" \/>\n<meta property=\"og:site_name\" content=\"Grayling\" \/>\n<meta property=\"article:published_time\" content=\"2024-06-05T13:27:54+00:00\" \/>\n<meta property=\"og:image\" content=\"https:\/\/grayling.com\/wp-content\/uploads\/2024\/06\/Podcast-1-1110x739.png\" \/>\n\t<meta property=\"og:image:width\" content=\"1110\" \/>\n\t<meta property=\"og:image:height\" content=\"739\" \/>\n\t<meta property=\"og:image:type\" content=\"image\/png\" \/>\n<meta name=\"author\" content=\"Maria Jose Cuerva\" \/>\n<meta name=\"twitter:card\" content=\"summary_large_image\" \/>\n<meta name=\"twitter:label1\" content=\"Escrito por\" \/>\n\t<meta name=\"twitter:data1\" content=\"Maria Jose Cuerva\" \/>\n\t<meta name=\"twitter:label2\" content=\"Tiempo de lectura\" \/>\n\t<meta name=\"twitter:data2\" content=\"3 minutos\" \/>\n<script type=\"application\/ld+json\" class=\"yoast-schema-graph\">{\"@context\":\"https:\/\/schema.org\",\"@graph\":[{\"@type\":\"Article\",\"@id\":\"https:\/\/grayling.com\/es\/news-and-views\/podcast-el-canal-ideal-para-conectar-y-atraer-talento-joven\/#article\",\"isPartOf\":{\"@id\":\"https:\/\/grayling.com\/es\/news-and-views\/podcast-el-canal-ideal-para-conectar-y-atraer-talento-joven\/\"},\"author\":{\"name\":\"Maria Jose Cuerva\",\"@id\":\"https:\/\/grayling.com\/es\/#\/schema\/person\/fa49ee060e5b0eae67d2cf03bb20547b\"},\"headline\":\"Podcast: el canal ideal para conectar y atraer talento joven\",\"datePublished\":\"2024-06-05T13:27:54+00:00\",\"mainEntityOfPage\":{\"@id\":\"https:\/\/grayling.com\/es\/news-and-views\/podcast-el-canal-ideal-para-conectar-y-atraer-talento-joven\/\"},\"wordCount\":512,\"publisher\":{\"@id\":\"https:\/\/grayling.com\/es\/#organization\"},\"image\":{\"@id\":\"https:\/\/grayling.com\/es\/news-and-views\/podcast-el-canal-ideal-para-conectar-y-atraer-talento-joven\/#primaryimage\"},\"thumbnailUrl\":\"https:\/\/grayling.com\/wp-content\/uploads\/2024\/06\/Podcast-1.png\",\"articleSection\":[\"Comentario\"],\"inLanguage\":\"es\"},{\"@type\":\"WebPage\",\"@id\":\"https:\/\/grayling.com\/es\/news-and-views\/podcast-el-canal-ideal-para-conectar-y-atraer-talento-joven\/\",\"url\":\"https:\/\/grayling.com\/es\/news-and-views\/podcast-el-canal-ideal-para-conectar-y-atraer-talento-joven\/\",\"name\":\"Podcast: el canal ideal para conectar y atraer talento joven - Grayling\",\"isPartOf\":{\"@id\":\"https:\/\/grayling.com\/es\/#website\"},\"primaryImageOfPage\":{\"@id\":\"https:\/\/grayling.com\/es\/news-and-views\/podcast-el-canal-ideal-para-conectar-y-atraer-talento-joven\/#primaryimage\"},\"image\":{\"@id\":\"https:\/\/grayling.com\/es\/news-and-views\/podcast-el-canal-ideal-para-conectar-y-atraer-talento-joven\/#primaryimage\"},\"thumbnailUrl\":\"https:\/\/grayling.com\/wp-content\/uploads\/2024\/06\/Podcast-1.png\",\"datePublished\":\"2024-06-05T13:27:54+00:00\",\"breadcrumb\":{\"@id\":\"https:\/\/grayling.com\/es\/news-and-views\/podcast-el-canal-ideal-para-conectar-y-atraer-talento-joven\/#breadcrumb\"},\"inLanguage\":\"es\",\"potentialAction\":[{\"@type\":\"ReadAction\",\"target\":[\"https:\/\/grayling.com\/es\/news-and-views\/podcast-el-canal-ideal-para-conectar-y-atraer-talento-joven\/\"]}]},{\"@type\":\"ImageObject\",\"inLanguage\":\"es\",\"@id\":\"https:\/\/grayling.com\/es\/news-and-views\/podcast-el-canal-ideal-para-conectar-y-atraer-talento-joven\/#primaryimage\",\"url\":\"https:\/\/grayling.com\/wp-content\/uploads\/2024\/06\/Podcast-1.png\",\"contentUrl\":\"https:\/\/grayling.com\/wp-content\/uploads\/2024\/06\/Podcast-1.png\",\"width\":2535,\"height\":1688},{\"@type\":\"BreadcrumbList\",\"@id\":\"https:\/\/grayling.com\/es\/news-and-views\/podcast-el-canal-ideal-para-conectar-y-atraer-talento-joven\/#breadcrumb\",\"itemListElement\":[{\"@type\":\"ListItem\",\"position\":1,\"name\":\"Home\",\"item\":\"https:\/\/grayling.com\/es\/\"},{\"@type\":\"ListItem\",\"position\":2,\"name\":\"Podcast: el canal ideal para conectar y atraer talento joven\"}]},{\"@type\":\"WebSite\",\"@id\":\"https:\/\/grayling.com\/es\/#website\",\"url\":\"https:\/\/grayling.com\/es\/\",\"name\":\"Grayling\",\"description\":\"We create advantage\",\"publisher\":{\"@id\":\"https:\/\/grayling.com\/es\/#organization\"},\"potentialAction\":[{\"@type\":\"SearchAction\",\"target\":{\"@type\":\"EntryPoint\",\"urlTemplate\":\"https:\/\/grayling.com\/es\/?s={search_term_string}\"},\"query-input\":{\"@type\":\"PropertyValueSpecification\",\"valueRequired\":true,\"valueName\":\"search_term_string\"}}],\"inLanguage\":\"es\"},{\"@type\":\"Organization\",\"@id\":\"https:\/\/grayling.com\/es\/#organization\",\"name\":\"Grayling\",\"url\":\"https:\/\/grayling.com\/es\/\",\"logo\":{\"@type\":\"ImageObject\",\"inLanguage\":\"es\",\"@id\":\"https:\/\/grayling.com\/es\/#\/schema\/logo\/image\/\",\"url\":\"https:\/\/grayling.com\/wp-content\/uploads\/2020\/08\/logo.jpg\",\"contentUrl\":\"https:\/\/grayling.com\/wp-content\/uploads\/2020\/08\/logo.jpg\",\"width\":2009,\"height\":510,\"caption\":\"Grayling\"},\"image\":{\"@id\":\"https:\/\/grayling.com\/es\/#\/schema\/logo\/image\/\"}},{\"@type\":\"Person\",\"@id\":\"https:\/\/grayling.com\/es\/#\/schema\/person\/fa49ee060e5b0eae67d2cf03bb20547b\",\"name\":\"Maria Jose Cuerva\",\"image\":{\"@type\":\"ImageObject\",\"inLanguage\":\"es\",\"@id\":\"https:\/\/grayling.com\/es\/#\/schema\/person\/image\/\",\"url\":\"https:\/\/secure.gravatar.com\/avatar\/3e3288cd2f9ba504a22ab536d307d6b095636e3627fb575fe0abd525028a1b56?s=96&d=mm&r=g\",\"contentUrl\":\"https:\/\/secure.gravatar.com\/avatar\/3e3288cd2f9ba504a22ab536d307d6b095636e3627fb575fe0abd525028a1b56?s=96&d=mm&r=g\",\"caption\":\"Maria Jose Cuerva\"},\"url\":\"https:\/\/grayling.com\/es\/news-and-views\/author\/maria-jose-cuerva\/\"}]}<\/script>\n<!-- \/ Yoast SEO plugin. -->","yoast_head_json":{"title":"Podcast: el canal ideal para conectar y atraer talento joven - Grayling","robots":{"index":"index","follow":"follow","max-snippet":"max-snippet:-1","max-image-preview":"max-image-preview:large","max-video-preview":"max-video-preview:-1"},"canonical":"https:\/\/grayling.com\/es\/news-and-views\/podcast-el-canal-ideal-para-conectar-y-atraer-talento-joven\/","og_locale":"es_ES","og_type":"article","og_title":"Podcast: el canal ideal para conectar y atraer talento joven - Grayling","og_description":"En un mundo donde la digitalizaci\u00f3n avanza a pasos agigantados y el contenido se alza como el l\u00edder indiscutible, los podcasts emergen como la joya de la corona para las empresas que aspiran a conectar con la generaci\u00f3n Z. Esta audiencia, nativa digital y con una inclinaci\u00f3n por contenidos que est\u00e9n lo m\u00e1s alineados con...","og_url":"https:\/\/grayling.com\/es\/news-and-views\/podcast-el-canal-ideal-para-conectar-y-atraer-talento-joven\/","og_site_name":"Grayling","article_published_time":"2024-06-05T13:27:54+00:00","og_image":[{"width":1110,"height":739,"url":"https:\/\/grayling.com\/wp-content\/uploads\/2024\/06\/Podcast-1-1110x739.png","type":"image\/png"}],"author":"Maria Jose Cuerva","twitter_card":"summary_large_image","twitter_misc":{"Escrito por":"Maria Jose Cuerva","Tiempo de lectura":"3 minutos"},"schema":{"@context":"https:\/\/schema.org","@graph":[{"@type":"Article","@id":"https:\/\/grayling.com\/es\/news-and-views\/podcast-el-canal-ideal-para-conectar-y-atraer-talento-joven\/#article","isPartOf":{"@id":"https:\/\/grayling.com\/es\/news-and-views\/podcast-el-canal-ideal-para-conectar-y-atraer-talento-joven\/"},"author":{"name":"Maria Jose Cuerva","@id":"https:\/\/grayling.com\/es\/#\/schema\/person\/fa49ee060e5b0eae67d2cf03bb20547b"},"headline":"Podcast: el canal ideal para conectar y atraer talento joven","datePublished":"2024-06-05T13:27:54+00:00","mainEntityOfPage":{"@id":"https:\/\/grayling.com\/es\/news-and-views\/podcast-el-canal-ideal-para-conectar-y-atraer-talento-joven\/"},"wordCount":512,"publisher":{"@id":"https:\/\/grayling.com\/es\/#organization"},"image":{"@id":"https:\/\/grayling.com\/es\/news-and-views\/podcast-el-canal-ideal-para-conectar-y-atraer-talento-joven\/#primaryimage"},"thumbnailUrl":"https:\/\/grayling.com\/wp-content\/uploads\/2024\/06\/Podcast-1.png","articleSection":["Comentario"],"inLanguage":"es"},{"@type":"WebPage","@id":"https:\/\/grayling.com\/es\/news-and-views\/podcast-el-canal-ideal-para-conectar-y-atraer-talento-joven\/","url":"https:\/\/grayling.com\/es\/news-and-views\/podcast-el-canal-ideal-para-conectar-y-atraer-talento-joven\/","name":"Podcast: el canal ideal para conectar y atraer talento joven - Grayling","isPartOf":{"@id":"https:\/\/grayling.com\/es\/#website"},"primaryImageOfPage":{"@id":"https:\/\/grayling.com\/es\/news-and-views\/podcast-el-canal-ideal-para-conectar-y-atraer-talento-joven\/#primaryimage"},"image":{"@id":"https:\/\/grayling.com\/es\/news-and-views\/podcast-el-canal-ideal-para-conectar-y-atraer-talento-joven\/#primaryimage"},"thumbnailUrl":"https:\/\/grayling.com\/wp-content\/uploads\/2024\/06\/Podcast-1.png","datePublished":"2024-06-05T13:27:54+00:00","breadcrumb":{"@id":"https:\/\/grayling.com\/es\/news-and-views\/podcast-el-canal-ideal-para-conectar-y-atraer-talento-joven\/#breadcrumb"},"inLanguage":"es","potentialAction":[{"@type":"ReadAction","target":["https:\/\/grayling.com\/es\/news-and-views\/podcast-el-canal-ideal-para-conectar-y-atraer-talento-joven\/"]}]},{"@type":"ImageObject","inLanguage":"es","@id":"https:\/\/grayling.com\/es\/news-and-views\/podcast-el-canal-ideal-para-conectar-y-atraer-talento-joven\/#primaryimage","url":"https:\/\/grayling.com\/wp-content\/uploads\/2024\/06\/Podcast-1.png","contentUrl":"https:\/\/grayling.com\/wp-content\/uploads\/2024\/06\/Podcast-1.png","width":2535,"height":1688},{"@type":"BreadcrumbList","@id":"https:\/\/grayling.com\/es\/news-and-views\/podcast-el-canal-ideal-para-conectar-y-atraer-talento-joven\/#breadcrumb","itemListElement":[{"@type":"ListItem","position":1,"name":"Home","item":"https:\/\/grayling.com\/es\/"},{"@type":"ListItem","position":2,"name":"Podcast: el canal ideal para conectar y atraer talento joven"}]},{"@type":"WebSite","@id":"https:\/\/grayling.com\/es\/#website","url":"https:\/\/grayling.com\/es\/","name":"Grayling","description":"We create advantage","publisher":{"@id":"https:\/\/grayling.com\/es\/#organization"},"potentialAction":[{"@type":"SearchAction","target":{"@type":"EntryPoint","urlTemplate":"https:\/\/grayling.com\/es\/?s={search_term_string}"},"query-input":{"@type":"PropertyValueSpecification","valueRequired":true,"valueName":"search_term_string"}}],"inLanguage":"es"},{"@type":"Organization","@id":"https:\/\/grayling.com\/es\/#organization","name":"Grayling","url":"https:\/\/grayling.com\/es\/","logo":{"@type":"ImageObject","inLanguage":"es","@id":"https:\/\/grayling.com\/es\/#\/schema\/logo\/image\/","url":"https:\/\/grayling.com\/wp-content\/uploads\/2020\/08\/logo.jpg","contentUrl":"https:\/\/grayling.com\/wp-content\/uploads\/2020\/08\/logo.jpg","width":2009,"height":510,"caption":"Grayling"},"image":{"@id":"https:\/\/grayling.com\/es\/#\/schema\/logo\/image\/"}},{"@type":"Person","@id":"https:\/\/grayling.com\/es\/#\/schema\/person\/fa49ee060e5b0eae67d2cf03bb20547b","name":"Maria Jose Cuerva","image":{"@type":"ImageObject","inLanguage":"es","@id":"https:\/\/grayling.com\/es\/#\/schema\/person\/image\/","url":"https:\/\/secure.gravatar.com\/avatar\/3e3288cd2f9ba504a22ab536d307d6b095636e3627fb575fe0abd525028a1b56?s=96&d=mm&r=g","contentUrl":"https:\/\/secure.gravatar.com\/avatar\/3e3288cd2f9ba504a22ab536d307d6b095636e3627fb575fe0abd525028a1b56?s=96&d=mm&r=g","caption":"Maria Jose Cuerva"},"url":"https:\/\/grayling.com\/es\/news-and-views\/author\/maria-jose-cuerva\/"}]}},"_links":{"self":[{"href":"https:\/\/grayling.com\/es\/wp-json\/wp\/v2\/posts\/54992","targetHints":{"allow":["GET"]}}],"collection":[{"href":"https:\/\/grayling.com\/es\/wp-json\/wp\/v2\/posts"}],"about":[{"href":"https:\/\/grayling.com\/es\/wp-json\/wp\/v2\/types\/post"}],"author":[{"embeddable":true,"href":"https:\/\/grayling.com\/es\/wp-json\/wp\/v2\/users\/62"}],"replies":[{"embeddable":true,"href":"https:\/\/grayling.com\/es\/wp-json\/wp\/v2\/comments?post=54992"}],"version-history":[{"count":0,"href":"https:\/\/grayling.com\/es\/wp-json\/wp\/v2\/posts\/54992\/revisions"}],"wp:featuredmedia":[{"embeddable":true,"href":"https:\/\/grayling.com\/es\/wp-json\/wp\/v2\/media\/54993"}],"wp:attachment":[{"href":"https:\/\/grayling.com\/es\/wp-json\/wp\/v2\/media?parent=54992"}],"wp:term":[{"taxonomy":"category","embeddable":true,"href":"https:\/\/grayling.com\/es\/wp-json\/wp\/v2\/categories?post=54992"},{"taxonomy":"post_tag","embeddable":true,"href":"https:\/\/grayling.com\/es\/wp-json\/wp\/v2\/tags?post=54992"}],"curies":[{"name":"wp","href":"https:\/\/api.w.org\/{rel}","templated":true}]}}