{"id":52684,"date":"2024-02-13T10:14:30","date_gmt":"2024-02-13T10:14:30","guid":{"rendered":"https:\/\/grayling.com\/?p=52684"},"modified":"2024-02-13T10:14:30","modified_gmt":"2024-02-13T10:14:30","slug":"grayling-espana-ficha-a-eduardo-ferrer-puig-como-consejero-no-ejecutivo","status":"publish","type":"post","link":"https:\/\/grayling.com\/es\/news-and-views\/grayling-espana-ficha-a-eduardo-ferrer-puig-como-consejero-no-ejecutivo\/","title":{"rendered":"Grayling Espa\u00f1a ficha a Eduardo Ferrer Puig como consejero no ejecutivo"},"content":{"rendered":"<ul>\n<li><em>Con m\u00e1s de 30 a\u00f1os en puestos de liderazgo<\/em> <em>vinculados con la Comunicaci\u00f3n, la Publicidad, el Marketing y el Branding, Eduardo Ferrer es un perfil \u00f3ptimo para ayudar a dar continuidad a la excepcional senda de crecimiento de la consultora en Espa\u00f1a<\/em><\/li>\n<\/ul>\n<p>La agencia de Comunicaci\u00f3n y Asuntos P\u00fablicos Grayling anuncia la incorporaci\u00f3n de <strong>Eduardo Ferrer Puig<\/strong> a su Consejo Asesor en Espa\u00f1a. Desde su nueva posici\u00f3n como consejero no ejecutivo, Ferrer Puig proporcionar\u00e1 a la consultora orientaci\u00f3n estrat\u00e9gica y experiencia en la toma de decisiones, en la gesti\u00f3n de proyectos y en transformaci\u00f3n, as\u00ed como participar\u00e1 en la definici\u00f3n y desarrollo del plan estrat\u00e9gico de Grayling en nuestro pa\u00eds.<\/p>\n<p>En este contexto, como explica <strong>Eduardo Fuentes, CEO de Grayling Espa\u00f1a<\/strong>, \u201c<em>Eduardo Ferrer cuenta con una solvente trayectoria profesional, de m\u00e1s de 30 a\u00f1os, siempre en funciones directivas vinculadas con la Comunicaci\u00f3n, la Publicidad, el Marketing y el posicionamiento de marca. Es un gran<\/em> <em>conocedor de las tendencias del mercado, la competencia y las oportunidades emergentes. Esto, sumado a su amplia red de contactos, le convierten en un perfil \u00f3ptimo para ayudarnos a dar continuidad a nuestra senda de crecimiento y asegurarnos de que estructuramos las propuestas y servicios m\u00e1s estrat\u00e9gicos e innovadores en el competitivo mundo de la Comunicaci\u00f3n y los Asuntos P<\/em>\u00fablicos\u201d.<\/p>\n<p><strong>Eduardo Ferrer<\/strong>, por su parte, expone: \u201cAfronto este nuevo<em> reto con mucha ilusi\u00f3n. Formar parte de un grupo multinacional l\u00edder y de s\u00f3lido prestigio como Grayling es un gran honor y una gran oportunidad para poder contribuir a su estrategia de desarrollo, adem\u00e1s de poder compartir conocimientos y experiencias que fomenten la innovaci\u00f3n junto con los excelentes profesionales que componen su equipo<\/em>\u201d.<\/p>\n<p><strong>M\u00e1s de 30 a\u00f1os en puestos de liderazgo<\/strong><\/p>\n<p>Eduardo Ferrer es el actual CEO y Co-Fundador de SLIMOp Space, compa\u00f1\u00eda que est\u00e1 desarrollando una tecnolog\u00eda disruptiva para la fabricaci\u00f3n de telescopios orbitales de uso en sat\u00e9lites y <em>cubesats<\/em>. Este proyecto ha sido seleccionado por la European Space Agency (ESA) para el reconocido programa ESA BIC Barcelona. Adem\u00e1s, es presidente y co-fundador del Aeronautics &amp; Space Hub de IESE Alumni, impulsando actividades en los campus en Barcelona, Madrid, M\u00fanich, Nueva York y S\u00e4o Paulo.<\/p>\n<p>El ejecutivo tambi\u00e9n form\u00f3 parte de la compa\u00f1\u00eda japonesa Pioneer Electronics, donde fue director de Publicidad y Comunicaci\u00f3n durante 12 a\u00f1os, consolidando su posici\u00f3n de liderazgo y en el \u201c<em>top of mind<\/em>\u201d del mercado. Posteriormente, y durante ocho a\u00f1os, \u00a0fue gerente de Comunicaci\u00f3n, Publicidad, Promoci\u00f3n, Patrocinio, Relaciones P\u00fablicas y Protocolo de Retevisi\u00f3n, desde su lanzamiento como segundo operador espa\u00f1ol de telefon\u00eda tras la liberalizaci\u00f3n del mercado de las telecomunicaciones hasta ser adquirido por Abertis Telecom, Hispasat, France Telecom y Vodafone. Tras esta etapa,\u00a0 se incorpor\u00f3 al Foro Internacional de Contenidos Digitales (FICOD) como gerente de las cuatro primeras ediciones celebradas en Madrid bajo el impulso del Ministerio de Industria y organizado por Red.es. Tambi\u00e9n fund\u00f3 y dirigi\u00f3 la consultora de comunicaci\u00f3n y estrategia corporativa Nanocom, que cont\u00f3 con clientes como Telef\u00f3nica, Movistar, Mobile World Congress, Muji o Uriach Pharma, entre otros.<\/p>\n<p>Ferrer tambi\u00e9n form\u00f3 parte de Roman como <em>Deputy General Manager<\/em> durante tres a\u00f1os y medio, periodo en el que la consultora consolid\u00f3 su posici\u00f3n en el mercado. El experto lider\u00f3, entre otros, los departamentos de Comunicaci\u00f3n, Transformaci\u00f3n digital, Creatividad, Eventos, <em>People &amp; Culture<\/em>, <em>Compliance Officer<\/em>, Sostenibilidad y Nuevo negocio de la agencia, impulsando proyectos clave como el <em>restyling<\/em> y la proyecci\u00f3n de la nueva marca, la digitalizaci\u00f3n de sus \u00e1reas funcionales, el traslado de activos digitales a la nube, la certificaci\u00f3n Bcorp, la implantaci\u00f3n del modelo de Compliance o el canal de denuncias,\u00a0 entre otras muchas \u00e1reas fundamentales.<\/p>\n<p>Eduardo Ferrer es licenciado en Ciencias Econ\u00f3micas y Empresariales por la Universitat de Barcelona (UB) y M\u00e1ster en Direcci\u00f3n de Marketing y Comunicaci\u00f3n por la Universitat Oberta de Catalunya (UOC). Completa su formaci\u00f3n con un posgrado en Direcci\u00f3n Estrat\u00e9gica de la Marca en Esade Business School de Madrid, y tambi\u00e9n ha realizado el Programa de Direcci\u00f3n General (PDG) de IESE-Universidad de Navarra.<\/p>\n<p><strong>Nueva fase de crecimiento en Grayling<\/strong><\/p>\n<p>El experto es el primer consejero no ejecutivo del Consejo Asesor que Grayling ir\u00e1 conformando a lo largo de los pr\u00f3ximos meses y que estar\u00e1 compuesto inicialmente por cuatro profesionales de primer nivel en diferentes campos, fundamentalmente los de Comunicaci\u00f3n, Asuntos P\u00fablicos, Asesor\u00eda legal, Estrategia empresarial y Tecnolog\u00eda.<\/p>\n<p>El objetivo de Grayling con la creaci\u00f3n de su Consejo Asesor es impulsar una nueva fase de crecimiento y consolidaci\u00f3n en el mercado espa\u00f1ol. La consultora, que ha aumentado un 45 por ciento su facturaci\u00f3n en los tres \u00faltimos a\u00f1os, mantiene una fuerte apuesta por la retenci\u00f3n del talento que se traduce en una plantilla con una trayectoria profesional media de 18 a\u00f1os y una media de permanencia en la agencia de 14 a\u00f1os.<\/p>\n<p>El Consejo Asesor de Grayling trabajar\u00e1 en estrecha colaboraci\u00f3n con el equipo ejecutivo de la consultora para ofrecer orientaci\u00f3n estrat\u00e9gica, asesoramiento t\u00e1ctico y perspectivas innovadoras, aportando una mirada global de primer nivel para fortalecer la posici\u00f3n de Grayling en el mercado, capitalizar nuevas oportunidades y reforzar su ampliamente demostrado compromiso con la excelencia en el servicio.<\/p>\n","protected":false},"excerpt":{"rendered":"Con m\u00e1s de 30 a\u00f1os en puestos de liderazgo vinculados con la Comunicaci\u00f3n, la Publicidad, el Marketing y el Branding, Eduardo Ferrer es un perfil \u00f3ptimo para ayudar a dar continuidad a la excepcional senda de crecimiento de la consultora en Espa\u00f1a La agencia de Comunicaci\u00f3n y Asuntos P\u00fablicos Grayling anuncia la incorporaci\u00f3n de Eduardo&#8230;","protected":false},"author":62,"featured_media":52685,"comment_status":"closed","ping_status":"open","sticky":false,"template":"","format":"standard","meta":{"_acf_changed":false,"footnotes":""},"categories":[292],"tags":[],"class_list":["post-52684","post","type-post","status-publish","format-standard","has-post-thumbnail","hentry","category-actualidad"],"yoast_head":"<!-- This site is optimized with the Yoast SEO plugin v28.3 - https:\/\/yoast.com\/product\/yoast-seo-wordpress\/ -->\n<title>Grayling Espa\u00f1a ficha a Eduardo Ferrer Puig como consejero no ejecutivo - Grayling<\/title>\n<meta name=\"robots\" content=\"index, follow, max-snippet:-1, max-image-preview:large, max-video-preview:-1\" \/>\n<link rel=\"canonical\" href=\"https:\/\/grayling.com\/es\/news-and-views\/grayling-espana-ficha-a-eduardo-ferrer-puig-como-consejero-no-ejecutivo\/\" \/>\n<meta property=\"og:locale\" content=\"es_ES\" \/>\n<meta property=\"og:type\" content=\"article\" \/>\n<meta property=\"og:title\" content=\"Grayling Espa\u00f1a ficha a Eduardo Ferrer Puig como consejero no ejecutivo - Grayling\" \/>\n<meta property=\"og:description\" content=\"Con m\u00e1s de 30 a\u00f1os en puestos de liderazgo vinculados con la Comunicaci\u00f3n, la Publicidad, el Marketing y el Branding, Eduardo Ferrer es un perfil \u00f3ptimo para ayudar a dar continuidad a la excepcional senda de crecimiento de la consultora en Espa\u00f1a La agencia de Comunicaci\u00f3n y Asuntos P\u00fablicos Grayling anuncia la incorporaci\u00f3n de Eduardo...\" \/>\n<meta property=\"og:url\" content=\"https:\/\/grayling.com\/es\/news-and-views\/grayling-espana-ficha-a-eduardo-ferrer-puig-como-consejero-no-ejecutivo\/\" \/>\n<meta property=\"og:site_name\" content=\"Grayling\" \/>\n<meta property=\"article:published_time\" content=\"2024-02-13T10:14:30+00:00\" \/>\n<meta property=\"og:image\" content=\"https:\/\/grayling.com\/wp-content\/uploads\/2024\/02\/AEA_7588-fondo-copia.jpg\" \/>\n\t<meta property=\"og:image:width\" content=\"2658\" \/>\n\t<meta property=\"og:image:height\" content=\"1772\" \/>\n\t<meta property=\"og:image:type\" content=\"image\/jpeg\" \/>\n<meta name=\"author\" content=\"Maria Jose Cuerva\" \/>\n<meta name=\"twitter:card\" content=\"summary_large_image\" \/>\n<meta name=\"twitter:label1\" content=\"Escrito por\" \/>\n\t<meta name=\"twitter:data1\" content=\"Maria Jose Cuerva\" \/>\n\t<meta name=\"twitter:label2\" content=\"Tiempo de lectura\" \/>\n\t<meta name=\"twitter:data2\" content=\"4 minutos\" \/>\n<script type=\"application\/ld+json\" class=\"yoast-schema-graph\">{\"@context\":\"https:\\\/\\\/schema.org\",\"@graph\":[{\"@type\":\"Article\",\"@id\":\"https:\\\/\\\/grayling.com\\\/es\\\/news-and-views\\\/grayling-espana-ficha-a-eduardo-ferrer-puig-como-consejero-no-ejecutivo\\\/#article\",\"isPartOf\":{\"@id\":\"https:\\\/\\\/grayling.com\\\/es\\\/news-and-views\\\/grayling-espana-ficha-a-eduardo-ferrer-puig-como-consejero-no-ejecutivo\\\/\"},\"author\":{\"name\":\"Maria Jose Cuerva\",\"@id\":\"https:\\\/\\\/grayling.com\\\/es\\\/#\\\/schema\\\/person\\\/fa49ee060e5b0eae67d2cf03bb20547b\"},\"headline\":\"Grayling Espa\u00f1a ficha a Eduardo Ferrer Puig como consejero no ejecutivo\",\"datePublished\":\"2024-02-13T10:14:30+00:00\",\"mainEntityOfPage\":{\"@id\":\"https:\\\/\\\/grayling.com\\\/es\\\/news-and-views\\\/grayling-espana-ficha-a-eduardo-ferrer-puig-como-consejero-no-ejecutivo\\\/\"},\"wordCount\":940,\"publisher\":{\"@id\":\"https:\\\/\\\/grayling.com\\\/es\\\/#organization\"},\"image\":{\"@id\":\"https:\\\/\\\/grayling.com\\\/es\\\/news-and-views\\\/grayling-espana-ficha-a-eduardo-ferrer-puig-como-consejero-no-ejecutivo\\\/#primaryimage\"},\"thumbnailUrl\":\"https:\\\/\\\/grayling.com\\\/wp-content\\\/uploads\\\/2024\\\/02\\\/AEA_7588-fondo-copia.jpg\",\"articleSection\":[\"Actualidad\"],\"inLanguage\":\"es\"},{\"@type\":\"WebPage\",\"@id\":\"https:\\\/\\\/grayling.com\\\/es\\\/news-and-views\\\/grayling-espana-ficha-a-eduardo-ferrer-puig-como-consejero-no-ejecutivo\\\/\",\"url\":\"https:\\\/\\\/grayling.com\\\/es\\\/news-and-views\\\/grayling-espana-ficha-a-eduardo-ferrer-puig-como-consejero-no-ejecutivo\\\/\",\"name\":\"Grayling Espa\u00f1a ficha a Eduardo Ferrer Puig como consejero no ejecutivo - Grayling\",\"isPartOf\":{\"@id\":\"https:\\\/\\\/grayling.com\\\/es\\\/#website\"},\"primaryImageOfPage\":{\"@id\":\"https:\\\/\\\/grayling.com\\\/es\\\/news-and-views\\\/grayling-espana-ficha-a-eduardo-ferrer-puig-como-consejero-no-ejecutivo\\\/#primaryimage\"},\"image\":{\"@id\":\"https:\\\/\\\/grayling.com\\\/es\\\/news-and-views\\\/grayling-espana-ficha-a-eduardo-ferrer-puig-como-consejero-no-ejecutivo\\\/#primaryimage\"},\"thumbnailUrl\":\"https:\\\/\\\/grayling.com\\\/wp-content\\\/uploads\\\/2024\\\/02\\\/AEA_7588-fondo-copia.jpg\",\"datePublished\":\"2024-02-13T10:14:30+00:00\",\"breadcrumb\":{\"@id\":\"https:\\\/\\\/grayling.com\\\/es\\\/news-and-views\\\/grayling-espana-ficha-a-eduardo-ferrer-puig-como-consejero-no-ejecutivo\\\/#breadcrumb\"},\"inLanguage\":\"es\",\"potentialAction\":[{\"@type\":\"ReadAction\",\"target\":[\"https:\\\/\\\/grayling.com\\\/es\\\/news-and-views\\\/grayling-espana-ficha-a-eduardo-ferrer-puig-como-consejero-no-ejecutivo\\\/\"]}]},{\"@type\":\"ImageObject\",\"inLanguage\":\"es\",\"@id\":\"https:\\\/\\\/grayling.com\\\/es\\\/news-and-views\\\/grayling-espana-ficha-a-eduardo-ferrer-puig-como-consejero-no-ejecutivo\\\/#primaryimage\",\"url\":\"https:\\\/\\\/grayling.com\\\/wp-content\\\/uploads\\\/2024\\\/02\\\/AEA_7588-fondo-copia.jpg\",\"contentUrl\":\"https:\\\/\\\/grayling.com\\\/wp-content\\\/uploads\\\/2024\\\/02\\\/AEA_7588-fondo-copia.jpg\",\"width\":2658,\"height\":1772},{\"@type\":\"BreadcrumbList\",\"@id\":\"https:\\\/\\\/grayling.com\\\/es\\\/news-and-views\\\/grayling-espana-ficha-a-eduardo-ferrer-puig-como-consejero-no-ejecutivo\\\/#breadcrumb\",\"itemListElement\":[{\"@type\":\"ListItem\",\"position\":1,\"name\":\"Home\",\"item\":\"https:\\\/\\\/grayling.com\\\/es\\\/\"},{\"@type\":\"ListItem\",\"position\":2,\"name\":\"Grayling Espa\u00f1a ficha a Eduardo Ferrer Puig como consejero no ejecutivo\"}]},{\"@type\":\"WebSite\",\"@id\":\"https:\\\/\\\/grayling.com\\\/es\\\/#website\",\"url\":\"https:\\\/\\\/grayling.com\\\/es\\\/\",\"name\":\"Grayling\",\"description\":\"We create advantage\",\"publisher\":{\"@id\":\"https:\\\/\\\/grayling.com\\\/es\\\/#organization\"},\"potentialAction\":[{\"@type\":\"SearchAction\",\"target\":{\"@type\":\"EntryPoint\",\"urlTemplate\":\"https:\\\/\\\/grayling.com\\\/es\\\/?s={search_term_string}\"},\"query-input\":{\"@type\":\"PropertyValueSpecification\",\"valueRequired\":true,\"valueName\":\"search_term_string\"}}],\"inLanguage\":\"es\"},{\"@type\":\"Organization\",\"@id\":\"https:\\\/\\\/grayling.com\\\/es\\\/#organization\",\"name\":\"Grayling\",\"url\":\"https:\\\/\\\/grayling.com\\\/es\\\/\",\"logo\":{\"@type\":\"ImageObject\",\"inLanguage\":\"es\",\"@id\":\"https:\\\/\\\/grayling.com\\\/es\\\/#\\\/schema\\\/logo\\\/image\\\/\",\"url\":\"https:\\\/\\\/grayling.com\\\/wp-content\\\/uploads\\\/2020\\\/08\\\/logo.jpg\",\"contentUrl\":\"https:\\\/\\\/grayling.com\\\/wp-content\\\/uploads\\\/2020\\\/08\\\/logo.jpg\",\"width\":2009,\"height\":510,\"caption\":\"Grayling\"},\"image\":{\"@id\":\"https:\\\/\\\/grayling.com\\\/es\\\/#\\\/schema\\\/logo\\\/image\\\/\"}},{\"@type\":\"Person\",\"@id\":\"https:\\\/\\\/grayling.com\\\/es\\\/#\\\/schema\\\/person\\\/fa49ee060e5b0eae67d2cf03bb20547b\",\"name\":\"Maria Jose Cuerva\",\"image\":{\"@type\":\"ImageObject\",\"inLanguage\":\"es\",\"@id\":\"https:\\\/\\\/secure.gravatar.com\\\/avatar\\\/3e3288cd2f9ba504a22ab536d307d6b095636e3627fb575fe0abd525028a1b56?s=96&d=mm&r=g\",\"url\":\"https:\\\/\\\/secure.gravatar.com\\\/avatar\\\/3e3288cd2f9ba504a22ab536d307d6b095636e3627fb575fe0abd525028a1b56?s=96&d=mm&r=g\",\"contentUrl\":\"https:\\\/\\\/secure.gravatar.com\\\/avatar\\\/3e3288cd2f9ba504a22ab536d307d6b095636e3627fb575fe0abd525028a1b56?s=96&d=mm&r=g\",\"caption\":\"Maria Jose Cuerva\"},\"url\":\"https:\\\/\\\/grayling.com\\\/es\\\/news-and-views\\\/author\\\/maria-jose-cuerva\\\/\"}]}<\/script>\n<!-- \/ Yoast SEO plugin. -->","yoast_head_json":{"title":"Grayling Espa\u00f1a ficha a Eduardo Ferrer Puig como consejero no ejecutivo - Grayling","robots":{"index":"index","follow":"follow","max-snippet":"max-snippet:-1","max-image-preview":"max-image-preview:large","max-video-preview":"max-video-preview:-1"},"canonical":"https:\/\/grayling.com\/es\/news-and-views\/grayling-espana-ficha-a-eduardo-ferrer-puig-como-consejero-no-ejecutivo\/","og_locale":"es_ES","og_type":"article","og_title":"Grayling Espa\u00f1a ficha a Eduardo Ferrer Puig como consejero no ejecutivo - Grayling","og_description":"Con m\u00e1s de 30 a\u00f1os en puestos de liderazgo vinculados con la Comunicaci\u00f3n, la Publicidad, el Marketing y el Branding, Eduardo Ferrer es un perfil \u00f3ptimo para ayudar a dar continuidad a la excepcional senda de crecimiento de la consultora en Espa\u00f1a La agencia de Comunicaci\u00f3n y Asuntos P\u00fablicos Grayling anuncia la incorporaci\u00f3n de Eduardo...","og_url":"https:\/\/grayling.com\/es\/news-and-views\/grayling-espana-ficha-a-eduardo-ferrer-puig-como-consejero-no-ejecutivo\/","og_site_name":"Grayling","article_published_time":"2024-02-13T10:14:30+00:00","og_image":[{"width":2658,"height":1772,"url":"https:\/\/grayling.com\/wp-content\/uploads\/2024\/02\/AEA_7588-fondo-copia.jpg","type":"image\/jpeg"}],"author":"Maria Jose Cuerva","twitter_card":"summary_large_image","twitter_misc":{"Escrito por":"Maria Jose Cuerva","Tiempo de lectura":"4 minutos"},"schema":{"@context":"https:\/\/schema.org","@graph":[{"@type":"Article","@id":"https:\/\/grayling.com\/es\/news-and-views\/grayling-espana-ficha-a-eduardo-ferrer-puig-como-consejero-no-ejecutivo\/#article","isPartOf":{"@id":"https:\/\/grayling.com\/es\/news-and-views\/grayling-espana-ficha-a-eduardo-ferrer-puig-como-consejero-no-ejecutivo\/"},"author":{"name":"Maria Jose Cuerva","@id":"https:\/\/grayling.com\/es\/#\/schema\/person\/fa49ee060e5b0eae67d2cf03bb20547b"},"headline":"Grayling Espa\u00f1a ficha a Eduardo Ferrer Puig como consejero no ejecutivo","datePublished":"2024-02-13T10:14:30+00:00","mainEntityOfPage":{"@id":"https:\/\/grayling.com\/es\/news-and-views\/grayling-espana-ficha-a-eduardo-ferrer-puig-como-consejero-no-ejecutivo\/"},"wordCount":940,"publisher":{"@id":"https:\/\/grayling.com\/es\/#organization"},"image":{"@id":"https:\/\/grayling.com\/es\/news-and-views\/grayling-espana-ficha-a-eduardo-ferrer-puig-como-consejero-no-ejecutivo\/#primaryimage"},"thumbnailUrl":"https:\/\/grayling.com\/wp-content\/uploads\/2024\/02\/AEA_7588-fondo-copia.jpg","articleSection":["Actualidad"],"inLanguage":"es"},{"@type":"WebPage","@id":"https:\/\/grayling.com\/es\/news-and-views\/grayling-espana-ficha-a-eduardo-ferrer-puig-como-consejero-no-ejecutivo\/","url":"https:\/\/grayling.com\/es\/news-and-views\/grayling-espana-ficha-a-eduardo-ferrer-puig-como-consejero-no-ejecutivo\/","name":"Grayling Espa\u00f1a ficha a Eduardo Ferrer Puig como consejero no ejecutivo - Grayling","isPartOf":{"@id":"https:\/\/grayling.com\/es\/#website"},"primaryImageOfPage":{"@id":"https:\/\/grayling.com\/es\/news-and-views\/grayling-espana-ficha-a-eduardo-ferrer-puig-como-consejero-no-ejecutivo\/#primaryimage"},"image":{"@id":"https:\/\/grayling.com\/es\/news-and-views\/grayling-espana-ficha-a-eduardo-ferrer-puig-como-consejero-no-ejecutivo\/#primaryimage"},"thumbnailUrl":"https:\/\/grayling.com\/wp-content\/uploads\/2024\/02\/AEA_7588-fondo-copia.jpg","datePublished":"2024-02-13T10:14:30+00:00","breadcrumb":{"@id":"https:\/\/grayling.com\/es\/news-and-views\/grayling-espana-ficha-a-eduardo-ferrer-puig-como-consejero-no-ejecutivo\/#breadcrumb"},"inLanguage":"es","potentialAction":[{"@type":"ReadAction","target":["https:\/\/grayling.com\/es\/news-and-views\/grayling-espana-ficha-a-eduardo-ferrer-puig-como-consejero-no-ejecutivo\/"]}]},{"@type":"ImageObject","inLanguage":"es","@id":"https:\/\/grayling.com\/es\/news-and-views\/grayling-espana-ficha-a-eduardo-ferrer-puig-como-consejero-no-ejecutivo\/#primaryimage","url":"https:\/\/grayling.com\/wp-content\/uploads\/2024\/02\/AEA_7588-fondo-copia.jpg","contentUrl":"https:\/\/grayling.com\/wp-content\/uploads\/2024\/02\/AEA_7588-fondo-copia.jpg","width":2658,"height":1772},{"@type":"BreadcrumbList","@id":"https:\/\/grayling.com\/es\/news-and-views\/grayling-espana-ficha-a-eduardo-ferrer-puig-como-consejero-no-ejecutivo\/#breadcrumb","itemListElement":[{"@type":"ListItem","position":1,"name":"Home","item":"https:\/\/grayling.com\/es\/"},{"@type":"ListItem","position":2,"name":"Grayling Espa\u00f1a ficha a Eduardo Ferrer Puig como consejero no ejecutivo"}]},{"@type":"WebSite","@id":"https:\/\/grayling.com\/es\/#website","url":"https:\/\/grayling.com\/es\/","name":"Grayling","description":"We create advantage","publisher":{"@id":"https:\/\/grayling.com\/es\/#organization"},"potentialAction":[{"@type":"SearchAction","target":{"@type":"EntryPoint","urlTemplate":"https:\/\/grayling.com\/es\/?s={search_term_string}"},"query-input":{"@type":"PropertyValueSpecification","valueRequired":true,"valueName":"search_term_string"}}],"inLanguage":"es"},{"@type":"Organization","@id":"https:\/\/grayling.com\/es\/#organization","name":"Grayling","url":"https:\/\/grayling.com\/es\/","logo":{"@type":"ImageObject","inLanguage":"es","@id":"https:\/\/grayling.com\/es\/#\/schema\/logo\/image\/","url":"https:\/\/grayling.com\/wp-content\/uploads\/2020\/08\/logo.jpg","contentUrl":"https:\/\/grayling.com\/wp-content\/uploads\/2020\/08\/logo.jpg","width":2009,"height":510,"caption":"Grayling"},"image":{"@id":"https:\/\/grayling.com\/es\/#\/schema\/logo\/image\/"}},{"@type":"Person","@id":"https:\/\/grayling.com\/es\/#\/schema\/person\/fa49ee060e5b0eae67d2cf03bb20547b","name":"Maria Jose Cuerva","image":{"@type":"ImageObject","inLanguage":"es","@id":"https:\/\/secure.gravatar.com\/avatar\/3e3288cd2f9ba504a22ab536d307d6b095636e3627fb575fe0abd525028a1b56?s=96&d=mm&r=g","url":"https:\/\/secure.gravatar.com\/avatar\/3e3288cd2f9ba504a22ab536d307d6b095636e3627fb575fe0abd525028a1b56?s=96&d=mm&r=g","contentUrl":"https:\/\/secure.gravatar.com\/avatar\/3e3288cd2f9ba504a22ab536d307d6b095636e3627fb575fe0abd525028a1b56?s=96&d=mm&r=g","caption":"Maria Jose Cuerva"},"url":"https:\/\/grayling.com\/es\/news-and-views\/author\/maria-jose-cuerva\/"}]}},"acf":[],"_links":{"self":[{"href":"https:\/\/grayling.com\/es\/wp-json\/wp\/v2\/posts\/52684","targetHints":{"allow":["GET"]}}],"collection":[{"href":"https:\/\/grayling.com\/es\/wp-json\/wp\/v2\/posts"}],"about":[{"href":"https:\/\/grayling.com\/es\/wp-json\/wp\/v2\/types\/post"}],"author":[{"embeddable":true,"href":"https:\/\/grayling.com\/es\/wp-json\/wp\/v2\/users\/62"}],"replies":[{"embeddable":true,"href":"https:\/\/grayling.com\/es\/wp-json\/wp\/v2\/comments?post=52684"}],"version-history":[{"count":0,"href":"https:\/\/grayling.com\/es\/wp-json\/wp\/v2\/posts\/52684\/revisions"}],"wp:featuredmedia":[{"embeddable":true,"href":"https:\/\/grayling.com\/es\/wp-json\/wp\/v2\/media\/52685"}],"wp:attachment":[{"href":"https:\/\/grayling.com\/es\/wp-json\/wp\/v2\/media?parent=52684"}],"wp:term":[{"taxonomy":"category","embeddable":true,"href":"https:\/\/grayling.com\/es\/wp-json\/wp\/v2\/categories?post=52684"},{"taxonomy":"post_tag","embeddable":true,"href":"https:\/\/grayling.com\/es\/wp-json\/wp\/v2\/tags?post=52684"}],"curies":[{"name":"wp","href":"https:\/\/api.w.org\/{rel}","templated":true}]}}