{"id":51869,"date":"2024-01-09T11:52:33","date_gmt":"2024-01-09T11:52:33","guid":{"rendered":"https:\/\/grayling.com\/?p=51869"},"modified":"2024-01-09T11:56:24","modified_gmt":"2024-01-09T11:56:24","slug":"adoptemos-la-filosofia-estoica-en-aras-de-una-comunicacion-mas-autentica","status":"publish","type":"post","link":"https:\/\/grayling.com\/es\/news-and-views\/adoptemos-la-filosofia-estoica-en-aras-de-una-comunicacion-mas-autentica\/","title":{"rendered":"Adoptemos la filosof\u00eda estoica en aras de una comunicaci\u00f3n m\u00e1s aut\u00e9ntica"},"content":{"rendered":"<p><em>\u00abNo te preocupes por el que habla mal de ti, sino por el que lo escucha\u00bb<\/em> \u2013 Epicteto<\/p>\n<p><em>\u00abEl hombre sabio habla porque tiene algo que decir; el tonto, porque tiene que decir algo\u00bb<\/em> \u2013 Plat\u00f3n<\/p>\n<p>Analizando estas m\u00e1ximas de la filosof\u00eda estoica, \u00bfno resultan perfectamente v\u00e1lidas para el mundo de la comunicaci\u00f3n? El estoicismo, una filosof\u00eda fundada en el siglo III a.C., que ha sido adoptada por grandes pensadores de todos los tiempos resuena de nuevo con fuerza en distintos \u00e1mbitos de la vida y es aplicable en diversos campos, como las relaciones p\u00fablicas y la comunicaci\u00f3n.<\/p>\n<p>Los valores que defiende la filosof\u00eda estoica, como la sabidur\u00eda, la virtud, la aceptaci\u00f3n de nuestra propia ignorancia son compartidos por los profesionales de la comunicaci\u00f3n, responsables \u00faltimos de la veracidad y calidad de la informaci\u00f3n que transmiten sobre sus clientes.<\/p>\n<p>Los paralelismos entre ambas disciplinas \u2013 estoicismo y PR \u2013 son muy diversos. Repasemos los tres m\u00e1s evidentes.<\/p>\n<p>Como el sabio estoico que es consciente de su propia ignorancia, los l\u00edmites de su conocimiento y la importancia del aprendizaje continuo, el profesional de PR pone el foco en la b\u00fasqueda de la informaci\u00f3n veraz, debe ser objetivo y cr\u00edtico con su propio trabajo, adoptando una postura de escucha y de recepci\u00f3n positiva ante el <em>feedback<\/em> que recibe con el objetivo de mejorar. Asimismo, no se debe descuidar el aprendizaje ya que, si bien las bases de la comunicaci\u00f3n traspasan el tiempo, la evoluci\u00f3n es una constante en nuestra actividad, por lo que es b\u00e1sico nutrirnos de diversas fuentes para seguir aprendiendo a lo largo de nuestra trayectoria profesional.<\/p>\n<p>Otra similitud interesante la encontramos en la virtud estoica, es decir, en la b\u00fasqueda de la excelencia moral y el comportamiento correcto. Al margen del c\u00f3digo deontol\u00f3gico propio de la profesi\u00f3n, esta b\u00fasqueda de la virtud se traduce en comunicaci\u00f3n en la importancia de ser riguroso, \u00e9tico y respetuoso con la informaci\u00f3n tratada. En el contexto actual en el que las <em>fake news<\/em> campan a sus anchas y la imparcialidad de los medios est\u00e1 en entredicho, es un valor en alza.<\/p>\n<p>Por \u00faltimo, pero no menos importante, la filosof\u00eda estoica contempla la aceptaci\u00f3n del destino como uno de los valores clave. Una idea que se refiere a que no podemos controlar todo lo que sucede en nuestras vidas, aunque s\u00ed est\u00e1 bajo nuestro control dar respuesta a las distintas situaciones que se nos plantean. Traspuesto al sector de la comunicaci\u00f3n, se traduce en que los profesionales de PR deben estar preparados para adaptarse y responder con agilidad antes cualquier circunstancia. Prever los posibles escenarios que se nos pueden plantear no nos permite evitar una potencial crisis reputacional, pero s\u00ed dar una respuesta r\u00e1pida y previamente meditada para reducir sus consecuencias. En este sentido, cabe recordar las palabras del gran estoico Marco Aurelio \u00abSi te sientes afligido, preg\u00fantate si tu sufrimiento es necesario. Si no lo es, d\u00e9jalo ir\u201d, apelando a mantener la perspectiva, no permitir que las emociones negativas nublen el juicio y mantener la calma y la claridad en situaciones complejas.<\/p>\n<p>Adoptemos la filosof\u00eda estoica como gu\u00eda para nuestro d\u00eda a d\u00eda, aplicando a nuestro trabajo los valores de la \u00e9tica, la precisi\u00f3n y el respeto. Una vuelta a los principios de los grandes comunicadores de todos los tiempos.<\/p>\n<p>Victoria Camargo<\/p>\n<p>Consultora en Grayling Espa\u00f1a<\/p>\n","protected":false},"excerpt":{"rendered":"\u00abNo te preocupes por el que habla mal de ti, sino por el que lo escucha\u00bb \u2013 Epicteto \u00abEl hombre sabio habla porque tiene algo que decir; el tonto, porque tiene que decir algo\u00bb \u2013 Plat\u00f3n Analizando estas m\u00e1ximas de la filosof\u00eda estoica, \u00bfno resultan perfectamente v\u00e1lidas para el mundo de la comunicaci\u00f3n? El estoicismo,&#8230;","protected":false},"author":62,"featured_media":51870,"comment_status":"closed","ping_status":"open","sticky":false,"template":"","format":"standard","meta":{"footnotes":""},"categories":[278],"tags":[],"class_list":["post-51869","post","type-post","status-publish","format-standard","has-post-thumbnail","hentry","category-comentario"],"acf":[],"yoast_head":"<!-- This site is optimized with the Yoast SEO plugin v26.9 - https:\/\/yoast.com\/product\/yoast-seo-wordpress\/ -->\n<title>Adoptemos la filosof\u00eda estoica en aras de una comunicaci\u00f3n m\u00e1s aut\u00e9ntica - Grayling<\/title>\n<meta name=\"robots\" content=\"index, follow, max-snippet:-1, max-image-preview:large, max-video-preview:-1\" \/>\n<link rel=\"canonical\" href=\"https:\/\/grayling.com\/es\/news-and-views\/adoptemos-la-filosofia-estoica-en-aras-de-una-comunicacion-mas-autentica\/\" \/>\n<meta property=\"og:locale\" content=\"es_ES\" \/>\n<meta property=\"og:type\" content=\"article\" \/>\n<meta property=\"og:title\" content=\"Adoptemos la filosof\u00eda estoica en aras de una comunicaci\u00f3n m\u00e1s aut\u00e9ntica - Grayling\" \/>\n<meta property=\"og:description\" content=\"\u00abNo te preocupes por el que habla mal de ti, sino por el que lo escucha\u00bb \u2013 Epicteto \u00abEl hombre sabio habla porque tiene algo que decir; el tonto, porque tiene que decir algo\u00bb \u2013 Plat\u00f3n Analizando estas m\u00e1ximas de la filosof\u00eda estoica, \u00bfno resultan perfectamente v\u00e1lidas para el mundo de la comunicaci\u00f3n? El estoicismo,...\" \/>\n<meta property=\"og:url\" content=\"https:\/\/grayling.com\/es\/news-and-views\/adoptemos-la-filosofia-estoica-en-aras-de-una-comunicacion-mas-autentica\/\" \/>\n<meta property=\"og:site_name\" content=\"Grayling\" \/>\n<meta property=\"article:published_time\" content=\"2024-01-09T11:52:33+00:00\" \/>\n<meta property=\"article:modified_time\" content=\"2024-01-09T11:56:24+00:00\" \/>\n<meta property=\"og:image\" content=\"https:\/\/grayling.com\/wp-content\/uploads\/2024\/01\/pexels-photo-13437340-e1704801378759.jpeg\" \/>\n\t<meta property=\"og:image:width\" content=\"1256\" \/>\n\t<meta property=\"og:image:height\" content=\"849\" \/>\n\t<meta property=\"og:image:type\" content=\"image\/jpeg\" \/>\n<meta name=\"author\" content=\"Maria Jose Cuerva\" \/>\n<meta name=\"twitter:card\" content=\"summary_large_image\" \/>\n<meta name=\"twitter:label1\" content=\"Escrito por\" \/>\n\t<meta name=\"twitter:data1\" content=\"Maria Jose Cuerva\" \/>\n\t<meta name=\"twitter:label2\" content=\"Tiempo de lectura\" \/>\n\t<meta name=\"twitter:data2\" content=\"3 minutos\" \/>\n<script type=\"application\/ld+json\" class=\"yoast-schema-graph\">{\"@context\":\"https:\/\/schema.org\",\"@graph\":[{\"@type\":\"Article\",\"@id\":\"https:\/\/grayling.com\/es\/news-and-views\/adoptemos-la-filosofia-estoica-en-aras-de-una-comunicacion-mas-autentica\/#article\",\"isPartOf\":{\"@id\":\"https:\/\/grayling.com\/es\/news-and-views\/adoptemos-la-filosofia-estoica-en-aras-de-una-comunicacion-mas-autentica\/\"},\"author\":{\"name\":\"Maria Jose Cuerva\",\"@id\":\"https:\/\/grayling.com\/es\/#\/schema\/person\/fa49ee060e5b0eae67d2cf03bb20547b\"},\"headline\":\"Adoptemos la filosof\u00eda estoica en aras de una comunicaci\u00f3n m\u00e1s aut\u00e9ntica\",\"datePublished\":\"2024-01-09T11:52:33+00:00\",\"dateModified\":\"2024-01-09T11:56:24+00:00\",\"mainEntityOfPage\":{\"@id\":\"https:\/\/grayling.com\/es\/news-and-views\/adoptemos-la-filosofia-estoica-en-aras-de-una-comunicacion-mas-autentica\/\"},\"wordCount\":606,\"publisher\":{\"@id\":\"https:\/\/grayling.com\/es\/#organization\"},\"image\":{\"@id\":\"https:\/\/grayling.com\/es\/news-and-views\/adoptemos-la-filosofia-estoica-en-aras-de-una-comunicacion-mas-autentica\/#primaryimage\"},\"thumbnailUrl\":\"https:\/\/grayling.com\/wp-content\/uploads\/2024\/01\/pexels-photo-13437340-e1704801378759.jpeg\",\"articleSection\":[\"Comentario\"],\"inLanguage\":\"es\"},{\"@type\":\"WebPage\",\"@id\":\"https:\/\/grayling.com\/es\/news-and-views\/adoptemos-la-filosofia-estoica-en-aras-de-una-comunicacion-mas-autentica\/\",\"url\":\"https:\/\/grayling.com\/es\/news-and-views\/adoptemos-la-filosofia-estoica-en-aras-de-una-comunicacion-mas-autentica\/\",\"name\":\"Adoptemos la filosof\u00eda estoica en aras de una comunicaci\u00f3n m\u00e1s aut\u00e9ntica - Grayling\",\"isPartOf\":{\"@id\":\"https:\/\/grayling.com\/es\/#website\"},\"primaryImageOfPage\":{\"@id\":\"https:\/\/grayling.com\/es\/news-and-views\/adoptemos-la-filosofia-estoica-en-aras-de-una-comunicacion-mas-autentica\/#primaryimage\"},\"image\":{\"@id\":\"https:\/\/grayling.com\/es\/news-and-views\/adoptemos-la-filosofia-estoica-en-aras-de-una-comunicacion-mas-autentica\/#primaryimage\"},\"thumbnailUrl\":\"https:\/\/grayling.com\/wp-content\/uploads\/2024\/01\/pexels-photo-13437340-e1704801378759.jpeg\",\"datePublished\":\"2024-01-09T11:52:33+00:00\",\"dateModified\":\"2024-01-09T11:56:24+00:00\",\"breadcrumb\":{\"@id\":\"https:\/\/grayling.com\/es\/news-and-views\/adoptemos-la-filosofia-estoica-en-aras-de-una-comunicacion-mas-autentica\/#breadcrumb\"},\"inLanguage\":\"es\",\"potentialAction\":[{\"@type\":\"ReadAction\",\"target\":[\"https:\/\/grayling.com\/es\/news-and-views\/adoptemos-la-filosofia-estoica-en-aras-de-una-comunicacion-mas-autentica\/\"]}]},{\"@type\":\"ImageObject\",\"inLanguage\":\"es\",\"@id\":\"https:\/\/grayling.com\/es\/news-and-views\/adoptemos-la-filosofia-estoica-en-aras-de-una-comunicacion-mas-autentica\/#primaryimage\",\"url\":\"https:\/\/grayling.com\/wp-content\/uploads\/2024\/01\/pexels-photo-13437340-e1704801378759.jpeg\",\"contentUrl\":\"https:\/\/grayling.com\/wp-content\/uploads\/2024\/01\/pexels-photo-13437340-e1704801378759.jpeg\",\"width\":1256,\"height\":849},{\"@type\":\"BreadcrumbList\",\"@id\":\"https:\/\/grayling.com\/es\/news-and-views\/adoptemos-la-filosofia-estoica-en-aras-de-una-comunicacion-mas-autentica\/#breadcrumb\",\"itemListElement\":[{\"@type\":\"ListItem\",\"position\":1,\"name\":\"Home\",\"item\":\"https:\/\/grayling.com\/es\/\"},{\"@type\":\"ListItem\",\"position\":2,\"name\":\"Adoptemos la filosof\u00eda estoica en aras de una comunicaci\u00f3n m\u00e1s aut\u00e9ntica\"}]},{\"@type\":\"WebSite\",\"@id\":\"https:\/\/grayling.com\/es\/#website\",\"url\":\"https:\/\/grayling.com\/es\/\",\"name\":\"Grayling\",\"description\":\"We create advantage\",\"publisher\":{\"@id\":\"https:\/\/grayling.com\/es\/#organization\"},\"potentialAction\":[{\"@type\":\"SearchAction\",\"target\":{\"@type\":\"EntryPoint\",\"urlTemplate\":\"https:\/\/grayling.com\/es\/?s={search_term_string}\"},\"query-input\":{\"@type\":\"PropertyValueSpecification\",\"valueRequired\":true,\"valueName\":\"search_term_string\"}}],\"inLanguage\":\"es\"},{\"@type\":\"Organization\",\"@id\":\"https:\/\/grayling.com\/es\/#organization\",\"name\":\"Grayling\",\"url\":\"https:\/\/grayling.com\/es\/\",\"logo\":{\"@type\":\"ImageObject\",\"inLanguage\":\"es\",\"@id\":\"https:\/\/grayling.com\/es\/#\/schema\/logo\/image\/\",\"url\":\"https:\/\/grayling.com\/wp-content\/uploads\/2020\/08\/logo.jpg\",\"contentUrl\":\"https:\/\/grayling.com\/wp-content\/uploads\/2020\/08\/logo.jpg\",\"width\":2009,\"height\":510,\"caption\":\"Grayling\"},\"image\":{\"@id\":\"https:\/\/grayling.com\/es\/#\/schema\/logo\/image\/\"}},{\"@type\":\"Person\",\"@id\":\"https:\/\/grayling.com\/es\/#\/schema\/person\/fa49ee060e5b0eae67d2cf03bb20547b\",\"name\":\"Maria Jose Cuerva\",\"image\":{\"@type\":\"ImageObject\",\"inLanguage\":\"es\",\"@id\":\"https:\/\/grayling.com\/es\/#\/schema\/person\/image\/\",\"url\":\"https:\/\/secure.gravatar.com\/avatar\/3e3288cd2f9ba504a22ab536d307d6b095636e3627fb575fe0abd525028a1b56?s=96&d=mm&r=g\",\"contentUrl\":\"https:\/\/secure.gravatar.com\/avatar\/3e3288cd2f9ba504a22ab536d307d6b095636e3627fb575fe0abd525028a1b56?s=96&d=mm&r=g\",\"caption\":\"Maria Jose Cuerva\"},\"url\":\"https:\/\/grayling.com\/es\/news-and-views\/author\/maria-jose-cuerva\/\"}]}<\/script>\n<!-- \/ Yoast SEO plugin. -->","yoast_head_json":{"title":"Adoptemos la filosof\u00eda estoica en aras de una comunicaci\u00f3n m\u00e1s aut\u00e9ntica - Grayling","robots":{"index":"index","follow":"follow","max-snippet":"max-snippet:-1","max-image-preview":"max-image-preview:large","max-video-preview":"max-video-preview:-1"},"canonical":"https:\/\/grayling.com\/es\/news-and-views\/adoptemos-la-filosofia-estoica-en-aras-de-una-comunicacion-mas-autentica\/","og_locale":"es_ES","og_type":"article","og_title":"Adoptemos la filosof\u00eda estoica en aras de una comunicaci\u00f3n m\u00e1s aut\u00e9ntica - Grayling","og_description":"\u00abNo te preocupes por el que habla mal de ti, sino por el que lo escucha\u00bb \u2013 Epicteto \u00abEl hombre sabio habla porque tiene algo que decir; el tonto, porque tiene que decir algo\u00bb \u2013 Plat\u00f3n Analizando estas m\u00e1ximas de la filosof\u00eda estoica, \u00bfno resultan perfectamente v\u00e1lidas para el mundo de la comunicaci\u00f3n? El estoicismo,...","og_url":"https:\/\/grayling.com\/es\/news-and-views\/adoptemos-la-filosofia-estoica-en-aras-de-una-comunicacion-mas-autentica\/","og_site_name":"Grayling","article_published_time":"2024-01-09T11:52:33+00:00","article_modified_time":"2024-01-09T11:56:24+00:00","og_image":[{"width":1256,"height":849,"url":"https:\/\/grayling.com\/wp-content\/uploads\/2024\/01\/pexels-photo-13437340-e1704801378759.jpeg","type":"image\/jpeg"}],"author":"Maria Jose Cuerva","twitter_card":"summary_large_image","twitter_misc":{"Escrito por":"Maria Jose Cuerva","Tiempo de lectura":"3 minutos"},"schema":{"@context":"https:\/\/schema.org","@graph":[{"@type":"Article","@id":"https:\/\/grayling.com\/es\/news-and-views\/adoptemos-la-filosofia-estoica-en-aras-de-una-comunicacion-mas-autentica\/#article","isPartOf":{"@id":"https:\/\/grayling.com\/es\/news-and-views\/adoptemos-la-filosofia-estoica-en-aras-de-una-comunicacion-mas-autentica\/"},"author":{"name":"Maria Jose Cuerva","@id":"https:\/\/grayling.com\/es\/#\/schema\/person\/fa49ee060e5b0eae67d2cf03bb20547b"},"headline":"Adoptemos la filosof\u00eda estoica en aras de una comunicaci\u00f3n m\u00e1s aut\u00e9ntica","datePublished":"2024-01-09T11:52:33+00:00","dateModified":"2024-01-09T11:56:24+00:00","mainEntityOfPage":{"@id":"https:\/\/grayling.com\/es\/news-and-views\/adoptemos-la-filosofia-estoica-en-aras-de-una-comunicacion-mas-autentica\/"},"wordCount":606,"publisher":{"@id":"https:\/\/grayling.com\/es\/#organization"},"image":{"@id":"https:\/\/grayling.com\/es\/news-and-views\/adoptemos-la-filosofia-estoica-en-aras-de-una-comunicacion-mas-autentica\/#primaryimage"},"thumbnailUrl":"https:\/\/grayling.com\/wp-content\/uploads\/2024\/01\/pexels-photo-13437340-e1704801378759.jpeg","articleSection":["Comentario"],"inLanguage":"es"},{"@type":"WebPage","@id":"https:\/\/grayling.com\/es\/news-and-views\/adoptemos-la-filosofia-estoica-en-aras-de-una-comunicacion-mas-autentica\/","url":"https:\/\/grayling.com\/es\/news-and-views\/adoptemos-la-filosofia-estoica-en-aras-de-una-comunicacion-mas-autentica\/","name":"Adoptemos la filosof\u00eda estoica en aras de una comunicaci\u00f3n m\u00e1s aut\u00e9ntica - Grayling","isPartOf":{"@id":"https:\/\/grayling.com\/es\/#website"},"primaryImageOfPage":{"@id":"https:\/\/grayling.com\/es\/news-and-views\/adoptemos-la-filosofia-estoica-en-aras-de-una-comunicacion-mas-autentica\/#primaryimage"},"image":{"@id":"https:\/\/grayling.com\/es\/news-and-views\/adoptemos-la-filosofia-estoica-en-aras-de-una-comunicacion-mas-autentica\/#primaryimage"},"thumbnailUrl":"https:\/\/grayling.com\/wp-content\/uploads\/2024\/01\/pexels-photo-13437340-e1704801378759.jpeg","datePublished":"2024-01-09T11:52:33+00:00","dateModified":"2024-01-09T11:56:24+00:00","breadcrumb":{"@id":"https:\/\/grayling.com\/es\/news-and-views\/adoptemos-la-filosofia-estoica-en-aras-de-una-comunicacion-mas-autentica\/#breadcrumb"},"inLanguage":"es","potentialAction":[{"@type":"ReadAction","target":["https:\/\/grayling.com\/es\/news-and-views\/adoptemos-la-filosofia-estoica-en-aras-de-una-comunicacion-mas-autentica\/"]}]},{"@type":"ImageObject","inLanguage":"es","@id":"https:\/\/grayling.com\/es\/news-and-views\/adoptemos-la-filosofia-estoica-en-aras-de-una-comunicacion-mas-autentica\/#primaryimage","url":"https:\/\/grayling.com\/wp-content\/uploads\/2024\/01\/pexels-photo-13437340-e1704801378759.jpeg","contentUrl":"https:\/\/grayling.com\/wp-content\/uploads\/2024\/01\/pexels-photo-13437340-e1704801378759.jpeg","width":1256,"height":849},{"@type":"BreadcrumbList","@id":"https:\/\/grayling.com\/es\/news-and-views\/adoptemos-la-filosofia-estoica-en-aras-de-una-comunicacion-mas-autentica\/#breadcrumb","itemListElement":[{"@type":"ListItem","position":1,"name":"Home","item":"https:\/\/grayling.com\/es\/"},{"@type":"ListItem","position":2,"name":"Adoptemos la filosof\u00eda estoica en aras de una comunicaci\u00f3n m\u00e1s aut\u00e9ntica"}]},{"@type":"WebSite","@id":"https:\/\/grayling.com\/es\/#website","url":"https:\/\/grayling.com\/es\/","name":"Grayling","description":"We create advantage","publisher":{"@id":"https:\/\/grayling.com\/es\/#organization"},"potentialAction":[{"@type":"SearchAction","target":{"@type":"EntryPoint","urlTemplate":"https:\/\/grayling.com\/es\/?s={search_term_string}"},"query-input":{"@type":"PropertyValueSpecification","valueRequired":true,"valueName":"search_term_string"}}],"inLanguage":"es"},{"@type":"Organization","@id":"https:\/\/grayling.com\/es\/#organization","name":"Grayling","url":"https:\/\/grayling.com\/es\/","logo":{"@type":"ImageObject","inLanguage":"es","@id":"https:\/\/grayling.com\/es\/#\/schema\/logo\/image\/","url":"https:\/\/grayling.com\/wp-content\/uploads\/2020\/08\/logo.jpg","contentUrl":"https:\/\/grayling.com\/wp-content\/uploads\/2020\/08\/logo.jpg","width":2009,"height":510,"caption":"Grayling"},"image":{"@id":"https:\/\/grayling.com\/es\/#\/schema\/logo\/image\/"}},{"@type":"Person","@id":"https:\/\/grayling.com\/es\/#\/schema\/person\/fa49ee060e5b0eae67d2cf03bb20547b","name":"Maria Jose Cuerva","image":{"@type":"ImageObject","inLanguage":"es","@id":"https:\/\/grayling.com\/es\/#\/schema\/person\/image\/","url":"https:\/\/secure.gravatar.com\/avatar\/3e3288cd2f9ba504a22ab536d307d6b095636e3627fb575fe0abd525028a1b56?s=96&d=mm&r=g","contentUrl":"https:\/\/secure.gravatar.com\/avatar\/3e3288cd2f9ba504a22ab536d307d6b095636e3627fb575fe0abd525028a1b56?s=96&d=mm&r=g","caption":"Maria Jose Cuerva"},"url":"https:\/\/grayling.com\/es\/news-and-views\/author\/maria-jose-cuerva\/"}]}},"_links":{"self":[{"href":"https:\/\/grayling.com\/es\/wp-json\/wp\/v2\/posts\/51869","targetHints":{"allow":["GET"]}}],"collection":[{"href":"https:\/\/grayling.com\/es\/wp-json\/wp\/v2\/posts"}],"about":[{"href":"https:\/\/grayling.com\/es\/wp-json\/wp\/v2\/types\/post"}],"author":[{"embeddable":true,"href":"https:\/\/grayling.com\/es\/wp-json\/wp\/v2\/users\/62"}],"replies":[{"embeddable":true,"href":"https:\/\/grayling.com\/es\/wp-json\/wp\/v2\/comments?post=51869"}],"version-history":[{"count":0,"href":"https:\/\/grayling.com\/es\/wp-json\/wp\/v2\/posts\/51869\/revisions"}],"wp:featuredmedia":[{"embeddable":true,"href":"https:\/\/grayling.com\/es\/wp-json\/wp\/v2\/media\/51870"}],"wp:attachment":[{"href":"https:\/\/grayling.com\/es\/wp-json\/wp\/v2\/media?parent=51869"}],"wp:term":[{"taxonomy":"category","embeddable":true,"href":"https:\/\/grayling.com\/es\/wp-json\/wp\/v2\/categories?post=51869"},{"taxonomy":"post_tag","embeddable":true,"href":"https:\/\/grayling.com\/es\/wp-json\/wp\/v2\/tags?post=51869"}],"curies":[{"name":"wp","href":"https:\/\/api.w.org\/{rel}","templated":true}]}}