{"id":47059,"date":"2023-10-06T14:37:49","date_gmt":"2023-10-06T13:37:49","guid":{"rendered":"https:\/\/grayling.com\/news-and-views\/comunicacion-y-management-impacto-en-las-nuevas-experiencias-del-empleado\/"},"modified":"2023-10-06T14:37:49","modified_gmt":"2023-10-06T13:37:49","slug":"comunicacion-y-management-impacto-en-las-nuevas-experiencias-del-empleado","status":"publish","type":"post","link":"https:\/\/grayling.com\/es\/news-and-views\/comunicacion-y-management-impacto-en-las-nuevas-experiencias-del-empleado\/","title":{"rendered":"COMUNICACI\u00d3N Y MANAGEMENT: impacto en las nuevas experiencias del empleado"},"content":{"rendered":"<p>La pandemia ha acelerado grandes cambios en el \u00e1mbito econ\u00f3mico-social que est\u00e1n teniendo un impacto importante en las empresas y sus plantillas. En esa transformaci\u00f3n que est\u00e1n experimentando las organizaciones, los managers se han revelado como un eslab\u00f3n fundamental entre la corporaci\u00f3n y los empleados y en un elemento esencial en la comunicaci\u00f3n que ayuda a mejorar la experiencia del empleado.<\/p>\n","protected":false},"excerpt":{"rendered":"La pandemia ha acelerado grandes cambios en el \u00e1mbito econ\u00f3mico-social que est\u00e1n teniendo un impacto importante en las empresas y sus plantillas. En esa transformaci\u00f3n que est\u00e1n experimentando las organizaciones, los managers se han revelado como un eslab\u00f3n fundamental entre la corporaci\u00f3n y los empleados y en un elemento esencial en la comunicaci\u00f3n que ayuda&#8230;","protected":false},"author":5,"featured_media":44873,"comment_status":"open","ping_status":"open","sticky":false,"template":"","format":"standard","meta":{"footnotes":""},"categories":[287],"tags":[],"class_list":["post-47059","post","type-post","status-publish","format-standard","has-post-thumbnail","hentry","category-vision","Sector-comunicacion-interna"],"acf":[],"yoast_head":"<!-- This site is optimized with the Yoast SEO plugin v26.9 - https:\/\/yoast.com\/product\/yoast-seo-wordpress\/ -->\n<title>COMUNICACI\u00d3N Y MANAGEMENT: impacto en las nuevas experiencias del empleado - Grayling<\/title>\n<meta name=\"robots\" content=\"index, follow, max-snippet:-1, max-image-preview:large, max-video-preview:-1\" \/>\n<link rel=\"canonical\" href=\"https:\/\/grayling.com\/es\/news-and-views\/comunicacion-y-management-impacto-en-las-nuevas-experiencias-del-empleado\/\" \/>\n<meta property=\"og:locale\" content=\"es_ES\" \/>\n<meta property=\"og:type\" content=\"article\" \/>\n<meta property=\"og:title\" content=\"COMUNICACI\u00d3N Y MANAGEMENT: impacto en las nuevas experiencias del empleado - Grayling\" \/>\n<meta property=\"og:description\" content=\"La pandemia ha acelerado grandes cambios en el \u00e1mbito econ\u00f3mico-social que est\u00e1n teniendo un impacto importante en las empresas y sus plantillas. En esa transformaci\u00f3n que est\u00e1n experimentando las organizaciones, los managers se han revelado como un eslab\u00f3n fundamental entre la corporaci\u00f3n y los empleados y en un elemento esencial en la comunicaci\u00f3n que ayuda...\" \/>\n<meta property=\"og:url\" content=\"https:\/\/grayling.com\/es\/news-and-views\/comunicacion-y-management-impacto-en-las-nuevas-experiencias-del-empleado\/\" \/>\n<meta property=\"og:site_name\" content=\"Grayling\" \/>\n<meta property=\"article:published_time\" content=\"2023-10-06T13:37:49+00:00\" \/>\n<meta property=\"og:image\" content=\"https:\/\/grayling.com\/wp-content\/uploads\/2023\/10\/internal-comms_1920x1080.jpg\" \/>\n\t<meta property=\"og:image:width\" content=\"1920\" \/>\n\t<meta property=\"og:image:height\" content=\"1080\" \/>\n\t<meta property=\"og:image:type\" content=\"image\/jpeg\" \/>\n<meta name=\"author\" content=\"Ayer Mehmet\" \/>\n<meta name=\"twitter:card\" content=\"summary_large_image\" \/>\n<meta name=\"twitter:label1\" content=\"Escrito por\" \/>\n\t<meta name=\"twitter:data1\" content=\"Ayer Mehmet\" \/>\n\t<meta name=\"twitter:label2\" content=\"Tiempo de lectura\" \/>\n\t<meta name=\"twitter:data2\" content=\"1 minuto\" \/>\n<script type=\"application\/ld+json\" class=\"yoast-schema-graph\">{\"@context\":\"https:\/\/schema.org\",\"@graph\":[{\"@type\":\"Article\",\"@id\":\"https:\/\/grayling.com\/es\/news-and-views\/comunicacion-y-management-impacto-en-las-nuevas-experiencias-del-empleado\/#article\",\"isPartOf\":{\"@id\":\"https:\/\/grayling.com\/es\/news-and-views\/comunicacion-y-management-impacto-en-las-nuevas-experiencias-del-empleado\/\"},\"author\":{\"name\":\"Ayer Mehmet\",\"@id\":\"https:\/\/grayling.com\/es\/#\/schema\/person\/251e08a9ee207bed4560033529fa47ce\"},\"headline\":\"COMUNICACI\u00d3N Y MANAGEMENT: impacto en las nuevas experiencias del empleado\",\"datePublished\":\"2023-10-06T13:37:49+00:00\",\"mainEntityOfPage\":{\"@id\":\"https:\/\/grayling.com\/es\/news-and-views\/comunicacion-y-management-impacto-en-las-nuevas-experiencias-del-empleado\/\"},\"wordCount\":79,\"commentCount\":0,\"publisher\":{\"@id\":\"https:\/\/grayling.com\/es\/#organization\"},\"image\":{\"@id\":\"https:\/\/grayling.com\/es\/news-and-views\/comunicacion-y-management-impacto-en-las-nuevas-experiencias-del-empleado\/#primaryimage\"},\"thumbnailUrl\":\"https:\/\/grayling.com\/wp-content\/uploads\/2023\/10\/internal-comms_1920x1080.jpg\",\"articleSection\":[\"Visi\u00f3n\"],\"inLanguage\":\"es\"},{\"@type\":\"WebPage\",\"@id\":\"https:\/\/grayling.com\/es\/news-and-views\/comunicacion-y-management-impacto-en-las-nuevas-experiencias-del-empleado\/\",\"url\":\"https:\/\/grayling.com\/es\/news-and-views\/comunicacion-y-management-impacto-en-las-nuevas-experiencias-del-empleado\/\",\"name\":\"COMUNICACI\u00d3N Y MANAGEMENT: impacto en las nuevas experiencias del empleado - Grayling\",\"isPartOf\":{\"@id\":\"https:\/\/grayling.com\/es\/#website\"},\"primaryImageOfPage\":{\"@id\":\"https:\/\/grayling.com\/es\/news-and-views\/comunicacion-y-management-impacto-en-las-nuevas-experiencias-del-empleado\/#primaryimage\"},\"image\":{\"@id\":\"https:\/\/grayling.com\/es\/news-and-views\/comunicacion-y-management-impacto-en-las-nuevas-experiencias-del-empleado\/#primaryimage\"},\"thumbnailUrl\":\"https:\/\/grayling.com\/wp-content\/uploads\/2023\/10\/internal-comms_1920x1080.jpg\",\"datePublished\":\"2023-10-06T13:37:49+00:00\",\"breadcrumb\":{\"@id\":\"https:\/\/grayling.com\/es\/news-and-views\/comunicacion-y-management-impacto-en-las-nuevas-experiencias-del-empleado\/#breadcrumb\"},\"inLanguage\":\"es\",\"potentialAction\":[{\"@type\":\"ReadAction\",\"target\":[\"https:\/\/grayling.com\/es\/news-and-views\/comunicacion-y-management-impacto-en-las-nuevas-experiencias-del-empleado\/\"]}]},{\"@type\":\"ImageObject\",\"inLanguage\":\"es\",\"@id\":\"https:\/\/grayling.com\/es\/news-and-views\/comunicacion-y-management-impacto-en-las-nuevas-experiencias-del-empleado\/#primaryimage\",\"url\":\"https:\/\/grayling.com\/wp-content\/uploads\/2023\/10\/internal-comms_1920x1080.jpg\",\"contentUrl\":\"https:\/\/grayling.com\/wp-content\/uploads\/2023\/10\/internal-comms_1920x1080.jpg\",\"width\":1920,\"height\":1080},{\"@type\":\"BreadcrumbList\",\"@id\":\"https:\/\/grayling.com\/es\/news-and-views\/comunicacion-y-management-impacto-en-las-nuevas-experiencias-del-empleado\/#breadcrumb\",\"itemListElement\":[{\"@type\":\"ListItem\",\"position\":1,\"name\":\"Home\",\"item\":\"https:\/\/grayling.com\/es\/\"},{\"@type\":\"ListItem\",\"position\":2,\"name\":\"COMUNICACI\u00d3N Y MANAGEMENT: impacto en las nuevas experiencias del empleado\"}]},{\"@type\":\"WebSite\",\"@id\":\"https:\/\/grayling.com\/es\/#website\",\"url\":\"https:\/\/grayling.com\/es\/\",\"name\":\"Grayling\",\"description\":\"We create advantage\",\"publisher\":{\"@id\":\"https:\/\/grayling.com\/es\/#organization\"},\"potentialAction\":[{\"@type\":\"SearchAction\",\"target\":{\"@type\":\"EntryPoint\",\"urlTemplate\":\"https:\/\/grayling.com\/es\/?s={search_term_string}\"},\"query-input\":{\"@type\":\"PropertyValueSpecification\",\"valueRequired\":true,\"valueName\":\"search_term_string\"}}],\"inLanguage\":\"es\"},{\"@type\":\"Organization\",\"@id\":\"https:\/\/grayling.com\/es\/#organization\",\"name\":\"Grayling\",\"url\":\"https:\/\/grayling.com\/es\/\",\"logo\":{\"@type\":\"ImageObject\",\"inLanguage\":\"es\",\"@id\":\"https:\/\/grayling.com\/es\/#\/schema\/logo\/image\/\",\"url\":\"https:\/\/grayling.com\/wp-content\/uploads\/2020\/08\/logo.jpg\",\"contentUrl\":\"https:\/\/grayling.com\/wp-content\/uploads\/2020\/08\/logo.jpg\",\"width\":2009,\"height\":510,\"caption\":\"Grayling\"},\"image\":{\"@id\":\"https:\/\/grayling.com\/es\/#\/schema\/logo\/image\/\"}},{\"@type\":\"Person\",\"@id\":\"https:\/\/grayling.com\/es\/#\/schema\/person\/251e08a9ee207bed4560033529fa47ce\",\"name\":\"Ayer Mehmet\",\"image\":{\"@type\":\"ImageObject\",\"inLanguage\":\"es\",\"@id\":\"https:\/\/grayling.com\/es\/#\/schema\/person\/image\/\",\"url\":\"https:\/\/secure.gravatar.com\/avatar\/dfe275d9acede3df4c4453ea89cc4a8af78c99dc409fe1e6407c482a329cbaaf?s=96&d=mm&r=g\",\"contentUrl\":\"https:\/\/secure.gravatar.com\/avatar\/dfe275d9acede3df4c4453ea89cc4a8af78c99dc409fe1e6407c482a329cbaaf?s=96&d=mm&r=g\",\"caption\":\"Ayer Mehmet\"},\"url\":\"https:\/\/grayling.com\/es\/news-and-views\/author\/ayer-mehmetgrayling-com\/\"}]}<\/script>\n<!-- \/ Yoast SEO plugin. -->","yoast_head_json":{"title":"COMUNICACI\u00d3N Y MANAGEMENT: impacto en las nuevas experiencias del empleado - Grayling","robots":{"index":"index","follow":"follow","max-snippet":"max-snippet:-1","max-image-preview":"max-image-preview:large","max-video-preview":"max-video-preview:-1"},"canonical":"https:\/\/grayling.com\/es\/news-and-views\/comunicacion-y-management-impacto-en-las-nuevas-experiencias-del-empleado\/","og_locale":"es_ES","og_type":"article","og_title":"COMUNICACI\u00d3N Y MANAGEMENT: impacto en las nuevas experiencias del empleado - Grayling","og_description":"La pandemia ha acelerado grandes cambios en el \u00e1mbito econ\u00f3mico-social que est\u00e1n teniendo un impacto importante en las empresas y sus plantillas. En esa transformaci\u00f3n que est\u00e1n experimentando las organizaciones, los managers se han revelado como un eslab\u00f3n fundamental entre la corporaci\u00f3n y los empleados y en un elemento esencial en la comunicaci\u00f3n que ayuda...","og_url":"https:\/\/grayling.com\/es\/news-and-views\/comunicacion-y-management-impacto-en-las-nuevas-experiencias-del-empleado\/","og_site_name":"Grayling","article_published_time":"2023-10-06T13:37:49+00:00","og_image":[{"width":1920,"height":1080,"url":"https:\/\/grayling.com\/wp-content\/uploads\/2023\/10\/internal-comms_1920x1080.jpg","type":"image\/jpeg"}],"author":"Ayer Mehmet","twitter_card":"summary_large_image","twitter_misc":{"Escrito por":"Ayer Mehmet","Tiempo de lectura":"1 minuto"},"schema":{"@context":"https:\/\/schema.org","@graph":[{"@type":"Article","@id":"https:\/\/grayling.com\/es\/news-and-views\/comunicacion-y-management-impacto-en-las-nuevas-experiencias-del-empleado\/#article","isPartOf":{"@id":"https:\/\/grayling.com\/es\/news-and-views\/comunicacion-y-management-impacto-en-las-nuevas-experiencias-del-empleado\/"},"author":{"name":"Ayer Mehmet","@id":"https:\/\/grayling.com\/es\/#\/schema\/person\/251e08a9ee207bed4560033529fa47ce"},"headline":"COMUNICACI\u00d3N Y MANAGEMENT: impacto en las nuevas experiencias del empleado","datePublished":"2023-10-06T13:37:49+00:00","mainEntityOfPage":{"@id":"https:\/\/grayling.com\/es\/news-and-views\/comunicacion-y-management-impacto-en-las-nuevas-experiencias-del-empleado\/"},"wordCount":79,"commentCount":0,"publisher":{"@id":"https:\/\/grayling.com\/es\/#organization"},"image":{"@id":"https:\/\/grayling.com\/es\/news-and-views\/comunicacion-y-management-impacto-en-las-nuevas-experiencias-del-empleado\/#primaryimage"},"thumbnailUrl":"https:\/\/grayling.com\/wp-content\/uploads\/2023\/10\/internal-comms_1920x1080.jpg","articleSection":["Visi\u00f3n"],"inLanguage":"es"},{"@type":"WebPage","@id":"https:\/\/grayling.com\/es\/news-and-views\/comunicacion-y-management-impacto-en-las-nuevas-experiencias-del-empleado\/","url":"https:\/\/grayling.com\/es\/news-and-views\/comunicacion-y-management-impacto-en-las-nuevas-experiencias-del-empleado\/","name":"COMUNICACI\u00d3N Y MANAGEMENT: impacto en las nuevas experiencias del empleado - Grayling","isPartOf":{"@id":"https:\/\/grayling.com\/es\/#website"},"primaryImageOfPage":{"@id":"https:\/\/grayling.com\/es\/news-and-views\/comunicacion-y-management-impacto-en-las-nuevas-experiencias-del-empleado\/#primaryimage"},"image":{"@id":"https:\/\/grayling.com\/es\/news-and-views\/comunicacion-y-management-impacto-en-las-nuevas-experiencias-del-empleado\/#primaryimage"},"thumbnailUrl":"https:\/\/grayling.com\/wp-content\/uploads\/2023\/10\/internal-comms_1920x1080.jpg","datePublished":"2023-10-06T13:37:49+00:00","breadcrumb":{"@id":"https:\/\/grayling.com\/es\/news-and-views\/comunicacion-y-management-impacto-en-las-nuevas-experiencias-del-empleado\/#breadcrumb"},"inLanguage":"es","potentialAction":[{"@type":"ReadAction","target":["https:\/\/grayling.com\/es\/news-and-views\/comunicacion-y-management-impacto-en-las-nuevas-experiencias-del-empleado\/"]}]},{"@type":"ImageObject","inLanguage":"es","@id":"https:\/\/grayling.com\/es\/news-and-views\/comunicacion-y-management-impacto-en-las-nuevas-experiencias-del-empleado\/#primaryimage","url":"https:\/\/grayling.com\/wp-content\/uploads\/2023\/10\/internal-comms_1920x1080.jpg","contentUrl":"https:\/\/grayling.com\/wp-content\/uploads\/2023\/10\/internal-comms_1920x1080.jpg","width":1920,"height":1080},{"@type":"BreadcrumbList","@id":"https:\/\/grayling.com\/es\/news-and-views\/comunicacion-y-management-impacto-en-las-nuevas-experiencias-del-empleado\/#breadcrumb","itemListElement":[{"@type":"ListItem","position":1,"name":"Home","item":"https:\/\/grayling.com\/es\/"},{"@type":"ListItem","position":2,"name":"COMUNICACI\u00d3N Y MANAGEMENT: impacto en las nuevas experiencias del empleado"}]},{"@type":"WebSite","@id":"https:\/\/grayling.com\/es\/#website","url":"https:\/\/grayling.com\/es\/","name":"Grayling","description":"We create advantage","publisher":{"@id":"https:\/\/grayling.com\/es\/#organization"},"potentialAction":[{"@type":"SearchAction","target":{"@type":"EntryPoint","urlTemplate":"https:\/\/grayling.com\/es\/?s={search_term_string}"},"query-input":{"@type":"PropertyValueSpecification","valueRequired":true,"valueName":"search_term_string"}}],"inLanguage":"es"},{"@type":"Organization","@id":"https:\/\/grayling.com\/es\/#organization","name":"Grayling","url":"https:\/\/grayling.com\/es\/","logo":{"@type":"ImageObject","inLanguage":"es","@id":"https:\/\/grayling.com\/es\/#\/schema\/logo\/image\/","url":"https:\/\/grayling.com\/wp-content\/uploads\/2020\/08\/logo.jpg","contentUrl":"https:\/\/grayling.com\/wp-content\/uploads\/2020\/08\/logo.jpg","width":2009,"height":510,"caption":"Grayling"},"image":{"@id":"https:\/\/grayling.com\/es\/#\/schema\/logo\/image\/"}},{"@type":"Person","@id":"https:\/\/grayling.com\/es\/#\/schema\/person\/251e08a9ee207bed4560033529fa47ce","name":"Ayer Mehmet","image":{"@type":"ImageObject","inLanguage":"es","@id":"https:\/\/grayling.com\/es\/#\/schema\/person\/image\/","url":"https:\/\/secure.gravatar.com\/avatar\/dfe275d9acede3df4c4453ea89cc4a8af78c99dc409fe1e6407c482a329cbaaf?s=96&d=mm&r=g","contentUrl":"https:\/\/secure.gravatar.com\/avatar\/dfe275d9acede3df4c4453ea89cc4a8af78c99dc409fe1e6407c482a329cbaaf?s=96&d=mm&r=g","caption":"Ayer Mehmet"},"url":"https:\/\/grayling.com\/es\/news-and-views\/author\/ayer-mehmetgrayling-com\/"}]}},"_links":{"self":[{"href":"https:\/\/grayling.com\/es\/wp-json\/wp\/v2\/posts\/47059","targetHints":{"allow":["GET"]}}],"collection":[{"href":"https:\/\/grayling.com\/es\/wp-json\/wp\/v2\/posts"}],"about":[{"href":"https:\/\/grayling.com\/es\/wp-json\/wp\/v2\/types\/post"}],"author":[{"embeddable":true,"href":"https:\/\/grayling.com\/es\/wp-json\/wp\/v2\/users\/5"}],"replies":[{"embeddable":true,"href":"https:\/\/grayling.com\/es\/wp-json\/wp\/v2\/comments?post=47059"}],"version-history":[{"count":0,"href":"https:\/\/grayling.com\/es\/wp-json\/wp\/v2\/posts\/47059\/revisions"}],"wp:featuredmedia":[{"embeddable":true,"href":"https:\/\/grayling.com\/es\/wp-json\/wp\/v2\/media\/44873"}],"wp:attachment":[{"href":"https:\/\/grayling.com\/es\/wp-json\/wp\/v2\/media?parent=47059"}],"wp:term":[{"taxonomy":"category","embeddable":true,"href":"https:\/\/grayling.com\/es\/wp-json\/wp\/v2\/categories?post=47059"},{"taxonomy":"post_tag","embeddable":true,"href":"https:\/\/grayling.com\/es\/wp-json\/wp\/v2\/tags?post=47059"}],"curies":[{"name":"wp","href":"https:\/\/api.w.org\/{rel}","templated":true}]}}