{"id":47055,"date":"2023-10-06T14:37:49","date_gmt":"2023-10-06T13:37:49","guid":{"rendered":"https:\/\/grayling.com\/news-and-views\/las-tendencias-en-comunicacion-interna-que-marcaran-el-2021\/"},"modified":"2023-10-06T14:37:49","modified_gmt":"2023-10-06T13:37:49","slug":"las-tendencias-en-comunicacion-interna-que-marcaran-el-2021","status":"publish","type":"post","link":"https:\/\/grayling.com\/es\/news-and-views\/las-tendencias-en-comunicacion-interna-que-marcaran-el-2021\/","title":{"rendered":"Las tendencias en Comunicaci\u00f3n Interna que marcar\u00e1n el 2021"},"content":{"rendered":"<p>El a\u00f1o 2020 quedar\u00e1 reflejado como el a\u00f1o del cambio y de los mayores desaf\u00edos a los que nos hemos enfrentado en la \u00faltima d\u00e9cada. La comunicaci\u00f3n interna se ha consolidado como la herramienta indispensable y estrat\u00e9gica de todas las empresas para el logro de los<br \/>\nobjetivos del negocio y el cuidado de los trabajadores y ha pasado a formar parte de las agendas de todos los equipos de liderazgo. Tras un a\u00f1o devastador ha quedado patente que el empleado es la pieza fundamental para el mantenimiento de estrategias corporativas en momentos de incertidumbre. Todo ha cambiado y la importancia de la comunicaci\u00f3n interna tambi\u00e9n.<\/p>\n","protected":false},"excerpt":{"rendered":"El a\u00f1o 2020 quedar\u00e1 reflejado como el a\u00f1o del cambio y de los mayores desaf\u00edos a los que nos hemos enfrentado en la \u00faltima d\u00e9cada. La comunicaci\u00f3n interna se ha consolidado como la herramienta indispensable y estrat\u00e9gica de todas las empresas para el logro de los objetivos del negocio y el cuidado de los trabajadores&#8230;","protected":false},"author":5,"featured_media":44586,"comment_status":"open","ping_status":"open","sticky":false,"template":"","format":"standard","meta":{"footnotes":""},"categories":[287],"tags":[],"class_list":["post-47055","post","type-post","status-publish","format-standard","has-post-thumbnail","hentry","category-vision","Sector-comunicacion-interna"],"acf":[],"yoast_head":"<!-- This site is optimized with the Yoast SEO plugin v26.9 - https:\/\/yoast.com\/product\/yoast-seo-wordpress\/ -->\n<title>Las tendencias en Comunicaci\u00f3n Interna que marcar\u00e1n el 2021 - Grayling<\/title>\n<meta name=\"robots\" content=\"index, follow, max-snippet:-1, max-image-preview:large, max-video-preview:-1\" \/>\n<link rel=\"canonical\" href=\"https:\/\/grayling.com\/es\/news-and-views\/las-tendencias-en-comunicacion-interna-que-marcaran-el-2021\/\" \/>\n<meta property=\"og:locale\" content=\"es_ES\" \/>\n<meta property=\"og:type\" content=\"article\" \/>\n<meta property=\"og:title\" content=\"Las tendencias en Comunicaci\u00f3n Interna que marcar\u00e1n el 2021 - Grayling\" \/>\n<meta property=\"og:description\" content=\"El a\u00f1o 2020 quedar\u00e1 reflejado como el a\u00f1o del cambio y de los mayores desaf\u00edos a los que nos hemos enfrentado en la \u00faltima d\u00e9cada. La comunicaci\u00f3n interna se ha consolidado como la herramienta indispensable y estrat\u00e9gica de todas las empresas para el logro de los objetivos del negocio y el cuidado de los trabajadores...\" \/>\n<meta property=\"og:url\" content=\"https:\/\/grayling.com\/es\/news-and-views\/las-tendencias-en-comunicacion-interna-que-marcaran-el-2021\/\" \/>\n<meta property=\"og:site_name\" content=\"Grayling\" \/>\n<meta property=\"article:published_time\" content=\"2023-10-06T13:37:49+00:00\" \/>\n<meta property=\"og:image\" content=\"https:\/\/grayling.com\/wp-content\/uploads\/2023\/10\/rsz_2pexels-fauxels-3183197-scaled-1.jpg\" \/>\n\t<meta property=\"og:image:width\" content=\"2048\" \/>\n\t<meta property=\"og:image:height\" content=\"1367\" \/>\n\t<meta property=\"og:image:type\" content=\"image\/jpeg\" \/>\n<meta name=\"author\" content=\"Ayer Mehmet\" \/>\n<meta name=\"twitter:card\" content=\"summary_large_image\" \/>\n<meta name=\"twitter:label1\" content=\"Escrito por\" \/>\n\t<meta name=\"twitter:data1\" content=\"Ayer Mehmet\" \/>\n\t<meta name=\"twitter:label2\" content=\"Tiempo de lectura\" \/>\n\t<meta name=\"twitter:data2\" content=\"1 minuto\" \/>\n<script type=\"application\/ld+json\" class=\"yoast-schema-graph\">{\"@context\":\"https:\/\/schema.org\",\"@graph\":[{\"@type\":\"Article\",\"@id\":\"https:\/\/grayling.com\/es\/news-and-views\/las-tendencias-en-comunicacion-interna-que-marcaran-el-2021\/#article\",\"isPartOf\":{\"@id\":\"https:\/\/grayling.com\/es\/news-and-views\/las-tendencias-en-comunicacion-interna-que-marcaran-el-2021\/\"},\"author\":{\"name\":\"Ayer Mehmet\",\"@id\":\"https:\/\/grayling.com\/es\/#\/schema\/person\/251e08a9ee207bed4560033529fa47ce\"},\"headline\":\"Las tendencias en Comunicaci\u00f3n Interna que marcar\u00e1n el 2021\",\"datePublished\":\"2023-10-06T13:37:49+00:00\",\"mainEntityOfPage\":{\"@id\":\"https:\/\/grayling.com\/es\/news-and-views\/las-tendencias-en-comunicacion-interna-que-marcaran-el-2021\/\"},\"wordCount\":123,\"commentCount\":0,\"publisher\":{\"@id\":\"https:\/\/grayling.com\/es\/#organization\"},\"image\":{\"@id\":\"https:\/\/grayling.com\/es\/news-and-views\/las-tendencias-en-comunicacion-interna-que-marcaran-el-2021\/#primaryimage\"},\"thumbnailUrl\":\"https:\/\/grayling.com\/wp-content\/uploads\/2023\/10\/rsz_2pexels-fauxels-3183197-scaled-1.jpg\",\"articleSection\":[\"Visi\u00f3n\"],\"inLanguage\":\"es\"},{\"@type\":\"WebPage\",\"@id\":\"https:\/\/grayling.com\/es\/news-and-views\/las-tendencias-en-comunicacion-interna-que-marcaran-el-2021\/\",\"url\":\"https:\/\/grayling.com\/es\/news-and-views\/las-tendencias-en-comunicacion-interna-que-marcaran-el-2021\/\",\"name\":\"Las tendencias en Comunicaci\u00f3n Interna que marcar\u00e1n el 2021 - Grayling\",\"isPartOf\":{\"@id\":\"https:\/\/grayling.com\/es\/#website\"},\"primaryImageOfPage\":{\"@id\":\"https:\/\/grayling.com\/es\/news-and-views\/las-tendencias-en-comunicacion-interna-que-marcaran-el-2021\/#primaryimage\"},\"image\":{\"@id\":\"https:\/\/grayling.com\/es\/news-and-views\/las-tendencias-en-comunicacion-interna-que-marcaran-el-2021\/#primaryimage\"},\"thumbnailUrl\":\"https:\/\/grayling.com\/wp-content\/uploads\/2023\/10\/rsz_2pexels-fauxels-3183197-scaled-1.jpg\",\"datePublished\":\"2023-10-06T13:37:49+00:00\",\"breadcrumb\":{\"@id\":\"https:\/\/grayling.com\/es\/news-and-views\/las-tendencias-en-comunicacion-interna-que-marcaran-el-2021\/#breadcrumb\"},\"inLanguage\":\"es\",\"potentialAction\":[{\"@type\":\"ReadAction\",\"target\":[\"https:\/\/grayling.com\/es\/news-and-views\/las-tendencias-en-comunicacion-interna-que-marcaran-el-2021\/\"]}]},{\"@type\":\"ImageObject\",\"inLanguage\":\"es\",\"@id\":\"https:\/\/grayling.com\/es\/news-and-views\/las-tendencias-en-comunicacion-interna-que-marcaran-el-2021\/#primaryimage\",\"url\":\"https:\/\/grayling.com\/wp-content\/uploads\/2023\/10\/rsz_2pexels-fauxels-3183197-scaled-1.jpg\",\"contentUrl\":\"https:\/\/grayling.com\/wp-content\/uploads\/2023\/10\/rsz_2pexels-fauxels-3183197-scaled-1.jpg\",\"width\":2048,\"height\":1367},{\"@type\":\"BreadcrumbList\",\"@id\":\"https:\/\/grayling.com\/es\/news-and-views\/las-tendencias-en-comunicacion-interna-que-marcaran-el-2021\/#breadcrumb\",\"itemListElement\":[{\"@type\":\"ListItem\",\"position\":1,\"name\":\"Home\",\"item\":\"https:\/\/grayling.com\/es\/\"},{\"@type\":\"ListItem\",\"position\":2,\"name\":\"Las tendencias en Comunicaci\u00f3n Interna que marcar\u00e1n el 2021\"}]},{\"@type\":\"WebSite\",\"@id\":\"https:\/\/grayling.com\/es\/#website\",\"url\":\"https:\/\/grayling.com\/es\/\",\"name\":\"Grayling\",\"description\":\"We create advantage\",\"publisher\":{\"@id\":\"https:\/\/grayling.com\/es\/#organization\"},\"potentialAction\":[{\"@type\":\"SearchAction\",\"target\":{\"@type\":\"EntryPoint\",\"urlTemplate\":\"https:\/\/grayling.com\/es\/?s={search_term_string}\"},\"query-input\":{\"@type\":\"PropertyValueSpecification\",\"valueRequired\":true,\"valueName\":\"search_term_string\"}}],\"inLanguage\":\"es\"},{\"@type\":\"Organization\",\"@id\":\"https:\/\/grayling.com\/es\/#organization\",\"name\":\"Grayling\",\"url\":\"https:\/\/grayling.com\/es\/\",\"logo\":{\"@type\":\"ImageObject\",\"inLanguage\":\"es\",\"@id\":\"https:\/\/grayling.com\/es\/#\/schema\/logo\/image\/\",\"url\":\"https:\/\/grayling.com\/wp-content\/uploads\/2020\/08\/logo.jpg\",\"contentUrl\":\"https:\/\/grayling.com\/wp-content\/uploads\/2020\/08\/logo.jpg\",\"width\":2009,\"height\":510,\"caption\":\"Grayling\"},\"image\":{\"@id\":\"https:\/\/grayling.com\/es\/#\/schema\/logo\/image\/\"}},{\"@type\":\"Person\",\"@id\":\"https:\/\/grayling.com\/es\/#\/schema\/person\/251e08a9ee207bed4560033529fa47ce\",\"name\":\"Ayer Mehmet\",\"image\":{\"@type\":\"ImageObject\",\"inLanguage\":\"es\",\"@id\":\"https:\/\/grayling.com\/es\/#\/schema\/person\/image\/\",\"url\":\"https:\/\/secure.gravatar.com\/avatar\/dfe275d9acede3df4c4453ea89cc4a8af78c99dc409fe1e6407c482a329cbaaf?s=96&d=mm&r=g\",\"contentUrl\":\"https:\/\/secure.gravatar.com\/avatar\/dfe275d9acede3df4c4453ea89cc4a8af78c99dc409fe1e6407c482a329cbaaf?s=96&d=mm&r=g\",\"caption\":\"Ayer Mehmet\"},\"url\":\"https:\/\/grayling.com\/es\/news-and-views\/author\/ayer-mehmetgrayling-com\/\"}]}<\/script>\n<!-- \/ Yoast SEO plugin. -->","yoast_head_json":{"title":"Las tendencias en Comunicaci\u00f3n Interna que marcar\u00e1n el 2021 - Grayling","robots":{"index":"index","follow":"follow","max-snippet":"max-snippet:-1","max-image-preview":"max-image-preview:large","max-video-preview":"max-video-preview:-1"},"canonical":"https:\/\/grayling.com\/es\/news-and-views\/las-tendencias-en-comunicacion-interna-que-marcaran-el-2021\/","og_locale":"es_ES","og_type":"article","og_title":"Las tendencias en Comunicaci\u00f3n Interna que marcar\u00e1n el 2021 - Grayling","og_description":"El a\u00f1o 2020 quedar\u00e1 reflejado como el a\u00f1o del cambio y de los mayores desaf\u00edos a los que nos hemos enfrentado en la \u00faltima d\u00e9cada. La comunicaci\u00f3n interna se ha consolidado como la herramienta indispensable y estrat\u00e9gica de todas las empresas para el logro de los objetivos del negocio y el cuidado de los trabajadores...","og_url":"https:\/\/grayling.com\/es\/news-and-views\/las-tendencias-en-comunicacion-interna-que-marcaran-el-2021\/","og_site_name":"Grayling","article_published_time":"2023-10-06T13:37:49+00:00","og_image":[{"width":2048,"height":1367,"url":"https:\/\/grayling.com\/wp-content\/uploads\/2023\/10\/rsz_2pexels-fauxels-3183197-scaled-1.jpg","type":"image\/jpeg"}],"author":"Ayer Mehmet","twitter_card":"summary_large_image","twitter_misc":{"Escrito por":"Ayer Mehmet","Tiempo de lectura":"1 minuto"},"schema":{"@context":"https:\/\/schema.org","@graph":[{"@type":"Article","@id":"https:\/\/grayling.com\/es\/news-and-views\/las-tendencias-en-comunicacion-interna-que-marcaran-el-2021\/#article","isPartOf":{"@id":"https:\/\/grayling.com\/es\/news-and-views\/las-tendencias-en-comunicacion-interna-que-marcaran-el-2021\/"},"author":{"name":"Ayer Mehmet","@id":"https:\/\/grayling.com\/es\/#\/schema\/person\/251e08a9ee207bed4560033529fa47ce"},"headline":"Las tendencias en Comunicaci\u00f3n Interna que marcar\u00e1n el 2021","datePublished":"2023-10-06T13:37:49+00:00","mainEntityOfPage":{"@id":"https:\/\/grayling.com\/es\/news-and-views\/las-tendencias-en-comunicacion-interna-que-marcaran-el-2021\/"},"wordCount":123,"commentCount":0,"publisher":{"@id":"https:\/\/grayling.com\/es\/#organization"},"image":{"@id":"https:\/\/grayling.com\/es\/news-and-views\/las-tendencias-en-comunicacion-interna-que-marcaran-el-2021\/#primaryimage"},"thumbnailUrl":"https:\/\/grayling.com\/wp-content\/uploads\/2023\/10\/rsz_2pexels-fauxels-3183197-scaled-1.jpg","articleSection":["Visi\u00f3n"],"inLanguage":"es"},{"@type":"WebPage","@id":"https:\/\/grayling.com\/es\/news-and-views\/las-tendencias-en-comunicacion-interna-que-marcaran-el-2021\/","url":"https:\/\/grayling.com\/es\/news-and-views\/las-tendencias-en-comunicacion-interna-que-marcaran-el-2021\/","name":"Las tendencias en Comunicaci\u00f3n Interna que marcar\u00e1n el 2021 - Grayling","isPartOf":{"@id":"https:\/\/grayling.com\/es\/#website"},"primaryImageOfPage":{"@id":"https:\/\/grayling.com\/es\/news-and-views\/las-tendencias-en-comunicacion-interna-que-marcaran-el-2021\/#primaryimage"},"image":{"@id":"https:\/\/grayling.com\/es\/news-and-views\/las-tendencias-en-comunicacion-interna-que-marcaran-el-2021\/#primaryimage"},"thumbnailUrl":"https:\/\/grayling.com\/wp-content\/uploads\/2023\/10\/rsz_2pexels-fauxels-3183197-scaled-1.jpg","datePublished":"2023-10-06T13:37:49+00:00","breadcrumb":{"@id":"https:\/\/grayling.com\/es\/news-and-views\/las-tendencias-en-comunicacion-interna-que-marcaran-el-2021\/#breadcrumb"},"inLanguage":"es","potentialAction":[{"@type":"ReadAction","target":["https:\/\/grayling.com\/es\/news-and-views\/las-tendencias-en-comunicacion-interna-que-marcaran-el-2021\/"]}]},{"@type":"ImageObject","inLanguage":"es","@id":"https:\/\/grayling.com\/es\/news-and-views\/las-tendencias-en-comunicacion-interna-que-marcaran-el-2021\/#primaryimage","url":"https:\/\/grayling.com\/wp-content\/uploads\/2023\/10\/rsz_2pexels-fauxels-3183197-scaled-1.jpg","contentUrl":"https:\/\/grayling.com\/wp-content\/uploads\/2023\/10\/rsz_2pexels-fauxels-3183197-scaled-1.jpg","width":2048,"height":1367},{"@type":"BreadcrumbList","@id":"https:\/\/grayling.com\/es\/news-and-views\/las-tendencias-en-comunicacion-interna-que-marcaran-el-2021\/#breadcrumb","itemListElement":[{"@type":"ListItem","position":1,"name":"Home","item":"https:\/\/grayling.com\/es\/"},{"@type":"ListItem","position":2,"name":"Las tendencias en Comunicaci\u00f3n Interna que marcar\u00e1n el 2021"}]},{"@type":"WebSite","@id":"https:\/\/grayling.com\/es\/#website","url":"https:\/\/grayling.com\/es\/","name":"Grayling","description":"We create advantage","publisher":{"@id":"https:\/\/grayling.com\/es\/#organization"},"potentialAction":[{"@type":"SearchAction","target":{"@type":"EntryPoint","urlTemplate":"https:\/\/grayling.com\/es\/?s={search_term_string}"},"query-input":{"@type":"PropertyValueSpecification","valueRequired":true,"valueName":"search_term_string"}}],"inLanguage":"es"},{"@type":"Organization","@id":"https:\/\/grayling.com\/es\/#organization","name":"Grayling","url":"https:\/\/grayling.com\/es\/","logo":{"@type":"ImageObject","inLanguage":"es","@id":"https:\/\/grayling.com\/es\/#\/schema\/logo\/image\/","url":"https:\/\/grayling.com\/wp-content\/uploads\/2020\/08\/logo.jpg","contentUrl":"https:\/\/grayling.com\/wp-content\/uploads\/2020\/08\/logo.jpg","width":2009,"height":510,"caption":"Grayling"},"image":{"@id":"https:\/\/grayling.com\/es\/#\/schema\/logo\/image\/"}},{"@type":"Person","@id":"https:\/\/grayling.com\/es\/#\/schema\/person\/251e08a9ee207bed4560033529fa47ce","name":"Ayer Mehmet","image":{"@type":"ImageObject","inLanguage":"es","@id":"https:\/\/grayling.com\/es\/#\/schema\/person\/image\/","url":"https:\/\/secure.gravatar.com\/avatar\/dfe275d9acede3df4c4453ea89cc4a8af78c99dc409fe1e6407c482a329cbaaf?s=96&d=mm&r=g","contentUrl":"https:\/\/secure.gravatar.com\/avatar\/dfe275d9acede3df4c4453ea89cc4a8af78c99dc409fe1e6407c482a329cbaaf?s=96&d=mm&r=g","caption":"Ayer Mehmet"},"url":"https:\/\/grayling.com\/es\/news-and-views\/author\/ayer-mehmetgrayling-com\/"}]}},"_links":{"self":[{"href":"https:\/\/grayling.com\/es\/wp-json\/wp\/v2\/posts\/47055","targetHints":{"allow":["GET"]}}],"collection":[{"href":"https:\/\/grayling.com\/es\/wp-json\/wp\/v2\/posts"}],"about":[{"href":"https:\/\/grayling.com\/es\/wp-json\/wp\/v2\/types\/post"}],"author":[{"embeddable":true,"href":"https:\/\/grayling.com\/es\/wp-json\/wp\/v2\/users\/5"}],"replies":[{"embeddable":true,"href":"https:\/\/grayling.com\/es\/wp-json\/wp\/v2\/comments?post=47055"}],"version-history":[{"count":0,"href":"https:\/\/grayling.com\/es\/wp-json\/wp\/v2\/posts\/47055\/revisions"}],"wp:featuredmedia":[{"embeddable":true,"href":"https:\/\/grayling.com\/es\/wp-json\/wp\/v2\/media\/44586"}],"wp:attachment":[{"href":"https:\/\/grayling.com\/es\/wp-json\/wp\/v2\/media?parent=47055"}],"wp:term":[{"taxonomy":"category","embeddable":true,"href":"https:\/\/grayling.com\/es\/wp-json\/wp\/v2\/categories?post=47055"},{"taxonomy":"post_tag","embeddable":true,"href":"https:\/\/grayling.com\/es\/wp-json\/wp\/v2\/tags?post=47055"}],"curies":[{"name":"wp","href":"https:\/\/api.w.org\/{rel}","templated":true}]}}