{"id":60993,"date":"2024-11-06T10:27:15","date_gmt":"2024-11-06T10:27:15","guid":{"rendered":"https:\/\/grayling.com\/?p=60993"},"modified":"2024-11-06T10:47:55","modified_gmt":"2024-11-06T10:47:55","slug":"celebrating-40-years-of-success-grayling-spains-anniversary-in-madrid","status":"publish","type":"post","link":"https:\/\/grayling.com\/de\/news-and-views\/celebrating-40-years-of-success-grayling-spains-anniversary-in-madrid\/","title":{"rendered":"Celebrating 40 Years of Success: Grayling Spain\u2019s Anniversary in Madrid"},"content":{"rendered":"<p>On Thursday, September 19, Grayling celebrated a significant milestone\u2014our 40th anniversary in Spain! The celebration brought together employees, former colleagues, and valued clients to honour four decades of achievements, growth, and shared experiences. The event was held at Nomada, an attractive venue in Madrid\u2019s glamorous Calle Serrano, just 500 metres from our offices.<\/p>\n<p>The evening was filled with heartfelt reunions and special moments with colleagues, clients, and partners, past and present, making it an unforgettable experience for all attendees.<\/p>\n<h5><strong>Tribute to our founder, Jos\u00e9 Luis Sanch\u00eds<\/strong><\/h5>\n<p>One of the highlights of the evening was a heartfelt tribute from our CEO, Eduardo Fuentes, to our founder, Jos\u00e9 Luis Sanch\u00eds. Sanch\u00eds\u2019s vision and pioneering spirit laid the foundation for Grayling Spain\u2019s success, and his legacy continues to inspire our growth and future ambitions.<figure class=\"image-container\"><img loading=\"lazy\" decoding=\"async\" class=\"size-full wp-image-61012 aligncenter\" src=\"https:\/\/grayling.com\/wp-content\/uploads\/2024\/11\/Evento24_11.jpg\" alt=\"Eduardo Fuentes\" width=\"1280\" height=\"1025\" srcset=\"https:\/\/grayling.com\/wp-content\/uploads\/2024\/11\/Evento24_11.jpg 1280w, https:\/\/grayling.com\/wp-content\/uploads\/2024\/11\/Evento24_11-375x300.jpg 375w, https:\/\/grayling.com\/wp-content\/uploads\/2024\/11\/Evento24_11-1110x889.jpg 1110w, https:\/\/grayling.com\/wp-content\/uploads\/2024\/11\/Evento24_11-768x615.jpg 768w\" sizes=\"auto, (max-width: 1280px) 100vw, 1280px\" \/><\/figure><\/p>\n<h5><strong>Global Board attendance<\/strong><\/h5>\n<p>We were honored to host Sarah Scholefield, CEO of Accordience, Grayling\u2019s Global CEO Richard Jukes, and other members of the global board, who joined us for both the celebration and a hybrid board meeting at our Madrid office.<\/p>\n<p>&#8222;Agencies in Spain that have reached the 40-year milestone are few and far between. While it&#8217;s true that over these four decades we&#8217;ve experienced both highs and lows, what stands out today is Grayling&#8217;s esteemed reputation in the fields of communication and public affairs, where we have earned a prestigious standing,&#8220; said Eduardo Fuentes during the anniversary event.<\/p>\n<figure class=\"image-container\"><img loading=\"lazy\" decoding=\"async\" class=\"size-full wp-image-61000 aligncenter\" src=\"https:\/\/grayling.com\/wp-content\/uploads\/2024\/11\/Evento24_39.jpg\" alt=\"\" width=\"1280\" height=\"760\" srcset=\"https:\/\/grayling.com\/wp-content\/uploads\/2024\/11\/Evento24_39.jpg 1280w, https:\/\/grayling.com\/wp-content\/uploads\/2024\/11\/Evento24_39-505x300.jpg 505w, https:\/\/grayling.com\/wp-content\/uploads\/2024\/11\/Evento24_39-1110x659.jpg 1110w, https:\/\/grayling.com\/wp-content\/uploads\/2024\/11\/Evento24_39-768x456.jpg 768w\" sizes=\"auto, (max-width: 1280px) 100vw, 1280px\" \/><\/figure>\n<h5><strong>A Journey through four decades<\/strong><\/h5>\n<p>Guests enjoyed a special video showcasing Grayling Spain\u2019s remarkable journey. Over the past 40 years, Spain has transformed\u2014and so has Grayling. Recent years have been particularly pivotal, with Grayling expanding its Spanish operations, developing dedicated teams for Public Affairs and Internal Communications, and broadening our Corporate and Consumer Communications offerings. Today, we\u2019re proud to work with some of the largest and most respected names in Spain\u2019s corporate landscape.<\/p>\n<p>As an agency of choice for crisis management, we\u2019re equally recognized for our media training expertise, having trained top executives and directors in fields like aviation and air navigation.<\/p>\n<p>From our beginnings to our current position as a leader in the communications industry, the evening celebrated the hard work and dedication of everyone who has shaped our story.<\/p>\n<h5><strong>Gratitude to our stakeholders<\/strong><\/h5>\n<p>We extend heartfelt thanks to all our stakeholders for their unwavering support and trust over the years. Your contributions have been essential to our success, and we look forward to many more years of collaboration and innovation.<\/p>\n<p>As we reflect on this incredible journey, we\u2019re excited about what lies ahead. This celebration honors our past achievements and serves as a launchpad for the exciting opportunities yet to come.<\/p>\n<h5><strong>Watch the celebration video<\/strong><\/h5>\n<p>Here\u2019s to the next 40 years of success and growth! Don\u2019t miss the full celebration reel below! \ud83d\udc47<\/p>\n<p><iframe loading=\"lazy\" title=\"Grayling Spain 40th Anniversary\" width=\"500\" height=\"375\" src=\"https:\/\/www.youtube.com\/embed\/Sw4aEKpTtSM?feature=oembed\" frameborder=\"0\" allow=\"accelerometer; autoplay; clipboard-write; encrypted-media; gyroscope; picture-in-picture; web-share\" referrerpolicy=\"strict-origin-when-cross-origin\" allowfullscreen><\/iframe><\/p>\n","protected":false},"excerpt":{"rendered":"On Thursday, September 19, Grayling celebrated a significant milestone\u2014our 40th anniversary in Spain! The celebration brought together employees, former colleagues, and valued clients to honour four decades of achievements, growth, and shared experiences. The event was held at Nomada, an attractive venue in Madrid\u2019s glamorous Calle Serrano, just 500 metres from our offices. The evening&#8230;","protected":false},"author":5,"featured_media":61024,"comment_status":"closed","ping_status":"open","sticky":false,"template":"","format":"standard","meta":{"footnotes":""},"categories":[],"tags":[],"class_list":["post-60993","post","type-post","status-publish","format-standard","has-post-thumbnail","hentry"],"acf":[],"yoast_head":"<!-- This site is optimized with the Yoast SEO plugin v26.9 - https:\/\/yoast.com\/product\/yoast-seo-wordpress\/ -->\n<title>Grayling Spain: Celebrating 40 years<\/title>\n<meta name=\"robots\" content=\"index, follow, max-snippet:-1, max-image-preview:large, max-video-preview:-1\" \/>\n<link rel=\"canonical\" href=\"https:\/\/grayling.com\/de\/news-and-views\/celebrating-40-years-of-success-grayling-spains-anniversary-in-madrid\/\" \/>\n<meta property=\"og:locale\" content=\"de_DE\" \/>\n<meta property=\"og:type\" content=\"article\" \/>\n<meta property=\"og:title\" content=\"Grayling Spain: Celebrating 40 years\" \/>\n<meta property=\"og:description\" content=\"On Thursday, September 19, Grayling celebrated a significant milestone\u2014our 40th anniversary in Spain! The celebration brought together employees, former colleagues, and valued clients to honour four decades of achievements, growth, and shared experiences. The event was held at Nomada, an attractive venue in Madrid\u2019s glamorous Calle Serrano, just 500 metres from our offices. The evening...\" \/>\n<meta property=\"og:url\" content=\"https:\/\/grayling.com\/de\/news-and-views\/celebrating-40-years-of-success-grayling-spains-anniversary-in-madrid\/\" \/>\n<meta property=\"og:site_name\" content=\"Grayling\" \/>\n<meta property=\"article:published_time\" content=\"2024-11-06T10:27:15+00:00\" \/>\n<meta property=\"article:modified_time\" content=\"2024-11-06T10:47:55+00:00\" \/>\n<meta property=\"og:image\" content=\"https:\/\/grayling.com\/wp-content\/uploads\/2024\/11\/Grayling-14-2.jpg\" \/>\n\t<meta property=\"og:image:width\" content=\"1280\" \/>\n\t<meta property=\"og:image:height\" content=\"536\" \/>\n\t<meta property=\"og:image:type\" content=\"image\/jpeg\" \/>\n<meta name=\"author\" content=\"Ayer Mehmet\" \/>\n<meta name=\"twitter:card\" content=\"summary_large_image\" \/>\n<meta name=\"twitter:label1\" content=\"Verfasst von\" \/>\n\t<meta name=\"twitter:data1\" content=\"Ayer Mehmet\" \/>\n\t<meta name=\"twitter:label2\" content=\"Gesch\u00e4tzte Lesezeit\" \/>\n\t<meta name=\"twitter:data2\" content=\"3 Minuten\" \/>\n<script type=\"application\/ld+json\" class=\"yoast-schema-graph\">{\"@context\":\"https:\/\/schema.org\",\"@graph\":[{\"@type\":\"Article\",\"@id\":\"https:\/\/grayling.com\/de\/news-and-views\/celebrating-40-years-of-success-grayling-spains-anniversary-in-madrid\/#article\",\"isPartOf\":{\"@id\":\"https:\/\/grayling.com\/de\/news-and-views\/celebrating-40-years-of-success-grayling-spains-anniversary-in-madrid\/\"},\"author\":{\"name\":\"Ayer Mehmet\",\"@id\":\"https:\/\/grayling.com\/de\/#\/schema\/person\/251e08a9ee207bed4560033529fa47ce\"},\"headline\":\"Celebrating 40 Years of Success: Grayling Spain\u2019s Anniversary in Madrid\",\"datePublished\":\"2024-11-06T10:27:15+00:00\",\"dateModified\":\"2024-11-06T10:47:55+00:00\",\"mainEntityOfPage\":{\"@id\":\"https:\/\/grayling.com\/de\/news-and-views\/celebrating-40-years-of-success-grayling-spains-anniversary-in-madrid\/\"},\"wordCount\":484,\"publisher\":{\"@id\":\"https:\/\/grayling.com\/de\/#organization\"},\"image\":{\"@id\":\"https:\/\/grayling.com\/de\/news-and-views\/celebrating-40-years-of-success-grayling-spains-anniversary-in-madrid\/#primaryimage\"},\"thumbnailUrl\":\"https:\/\/grayling.com\/wp-content\/uploads\/2024\/11\/Grayling-14-2.jpg\",\"inLanguage\":\"de-DE\"},{\"@type\":\"WebPage\",\"@id\":\"https:\/\/grayling.com\/de\/news-and-views\/celebrating-40-years-of-success-grayling-spains-anniversary-in-madrid\/\",\"url\":\"https:\/\/grayling.com\/de\/news-and-views\/celebrating-40-years-of-success-grayling-spains-anniversary-in-madrid\/\",\"name\":\"Grayling Spain: Celebrating 40 years\",\"isPartOf\":{\"@id\":\"https:\/\/grayling.com\/de\/#website\"},\"primaryImageOfPage\":{\"@id\":\"https:\/\/grayling.com\/de\/news-and-views\/celebrating-40-years-of-success-grayling-spains-anniversary-in-madrid\/#primaryimage\"},\"image\":{\"@id\":\"https:\/\/grayling.com\/de\/news-and-views\/celebrating-40-years-of-success-grayling-spains-anniversary-in-madrid\/#primaryimage\"},\"thumbnailUrl\":\"https:\/\/grayling.com\/wp-content\/uploads\/2024\/11\/Grayling-14-2.jpg\",\"datePublished\":\"2024-11-06T10:27:15+00:00\",\"dateModified\":\"2024-11-06T10:47:55+00:00\",\"breadcrumb\":{\"@id\":\"https:\/\/grayling.com\/de\/news-and-views\/celebrating-40-years-of-success-grayling-spains-anniversary-in-madrid\/#breadcrumb\"},\"inLanguage\":\"de-DE\",\"potentialAction\":[{\"@type\":\"ReadAction\",\"target\":[\"https:\/\/grayling.com\/de\/news-and-views\/celebrating-40-years-of-success-grayling-spains-anniversary-in-madrid\/\"]}]},{\"@type\":\"ImageObject\",\"inLanguage\":\"de-DE\",\"@id\":\"https:\/\/grayling.com\/de\/news-and-views\/celebrating-40-years-of-success-grayling-spains-anniversary-in-madrid\/#primaryimage\",\"url\":\"https:\/\/grayling.com\/wp-content\/uploads\/2024\/11\/Grayling-14-2.jpg\",\"contentUrl\":\"https:\/\/grayling.com\/wp-content\/uploads\/2024\/11\/Grayling-14-2.jpg\",\"width\":1280,\"height\":536},{\"@type\":\"BreadcrumbList\",\"@id\":\"https:\/\/grayling.com\/de\/news-and-views\/celebrating-40-years-of-success-grayling-spains-anniversary-in-madrid\/#breadcrumb\",\"itemListElement\":[{\"@type\":\"ListItem\",\"position\":1,\"name\":\"Home\",\"item\":\"https:\/\/grayling.com\/de\/\"},{\"@type\":\"ListItem\",\"position\":2,\"name\":\"Celebrating 40 Years of Success: Grayling Spain\u2019s Anniversary in Madrid\"}]},{\"@type\":\"WebSite\",\"@id\":\"https:\/\/grayling.com\/de\/#website\",\"url\":\"https:\/\/grayling.com\/de\/\",\"name\":\"Grayling\",\"description\":\"We create advantage\",\"publisher\":{\"@id\":\"https:\/\/grayling.com\/de\/#organization\"},\"potentialAction\":[{\"@type\":\"SearchAction\",\"target\":{\"@type\":\"EntryPoint\",\"urlTemplate\":\"https:\/\/grayling.com\/de\/?s={search_term_string}\"},\"query-input\":{\"@type\":\"PropertyValueSpecification\",\"valueRequired\":true,\"valueName\":\"search_term_string\"}}],\"inLanguage\":\"de-DE\"},{\"@type\":\"Organization\",\"@id\":\"https:\/\/grayling.com\/de\/#organization\",\"name\":\"Grayling\",\"url\":\"https:\/\/grayling.com\/de\/\",\"logo\":{\"@type\":\"ImageObject\",\"inLanguage\":\"de-DE\",\"@id\":\"https:\/\/grayling.com\/de\/#\/schema\/logo\/image\/\",\"url\":\"https:\/\/grayling.com\/wp-content\/uploads\/2020\/08\/logo.jpg\",\"contentUrl\":\"https:\/\/grayling.com\/wp-content\/uploads\/2020\/08\/logo.jpg\",\"width\":2009,\"height\":510,\"caption\":\"Grayling\"},\"image\":{\"@id\":\"https:\/\/grayling.com\/de\/#\/schema\/logo\/image\/\"}},{\"@type\":\"Person\",\"@id\":\"https:\/\/grayling.com\/de\/#\/schema\/person\/251e08a9ee207bed4560033529fa47ce\",\"name\":\"Ayer Mehmet\",\"image\":{\"@type\":\"ImageObject\",\"inLanguage\":\"de-DE\",\"@id\":\"https:\/\/grayling.com\/de\/#\/schema\/person\/image\/\",\"url\":\"https:\/\/secure.gravatar.com\/avatar\/dfe275d9acede3df4c4453ea89cc4a8af78c99dc409fe1e6407c482a329cbaaf?s=96&d=mm&r=g\",\"contentUrl\":\"https:\/\/secure.gravatar.com\/avatar\/dfe275d9acede3df4c4453ea89cc4a8af78c99dc409fe1e6407c482a329cbaaf?s=96&d=mm&r=g\",\"caption\":\"Ayer Mehmet\"},\"url\":\"https:\/\/grayling.com\/de\/news-and-views\/author\/ayer-mehmetgrayling-com\/\"}]}<\/script>\n<!-- \/ Yoast SEO plugin. -->","yoast_head_json":{"title":"Grayling Spain: Celebrating 40 years","robots":{"index":"index","follow":"follow","max-snippet":"max-snippet:-1","max-image-preview":"max-image-preview:large","max-video-preview":"max-video-preview:-1"},"canonical":"https:\/\/grayling.com\/de\/news-and-views\/celebrating-40-years-of-success-grayling-spains-anniversary-in-madrid\/","og_locale":"de_DE","og_type":"article","og_title":"Grayling Spain: Celebrating 40 years","og_description":"On Thursday, September 19, Grayling celebrated a significant milestone\u2014our 40th anniversary in Spain! The celebration brought together employees, former colleagues, and valued clients to honour four decades of achievements, growth, and shared experiences. The event was held at Nomada, an attractive venue in Madrid\u2019s glamorous Calle Serrano, just 500 metres from our offices. The evening...","og_url":"https:\/\/grayling.com\/de\/news-and-views\/celebrating-40-years-of-success-grayling-spains-anniversary-in-madrid\/","og_site_name":"Grayling","article_published_time":"2024-11-06T10:27:15+00:00","article_modified_time":"2024-11-06T10:47:55+00:00","og_image":[{"width":1280,"height":536,"url":"https:\/\/grayling.com\/wp-content\/uploads\/2024\/11\/Grayling-14-2.jpg","type":"image\/jpeg"}],"author":"Ayer Mehmet","twitter_card":"summary_large_image","twitter_misc":{"Verfasst von":"Ayer Mehmet","Gesch\u00e4tzte Lesezeit":"3 Minuten"},"schema":{"@context":"https:\/\/schema.org","@graph":[{"@type":"Article","@id":"https:\/\/grayling.com\/de\/news-and-views\/celebrating-40-years-of-success-grayling-spains-anniversary-in-madrid\/#article","isPartOf":{"@id":"https:\/\/grayling.com\/de\/news-and-views\/celebrating-40-years-of-success-grayling-spains-anniversary-in-madrid\/"},"author":{"name":"Ayer Mehmet","@id":"https:\/\/grayling.com\/de\/#\/schema\/person\/251e08a9ee207bed4560033529fa47ce"},"headline":"Celebrating 40 Years of Success: Grayling Spain\u2019s Anniversary in Madrid","datePublished":"2024-11-06T10:27:15+00:00","dateModified":"2024-11-06T10:47:55+00:00","mainEntityOfPage":{"@id":"https:\/\/grayling.com\/de\/news-and-views\/celebrating-40-years-of-success-grayling-spains-anniversary-in-madrid\/"},"wordCount":484,"publisher":{"@id":"https:\/\/grayling.com\/de\/#organization"},"image":{"@id":"https:\/\/grayling.com\/de\/news-and-views\/celebrating-40-years-of-success-grayling-spains-anniversary-in-madrid\/#primaryimage"},"thumbnailUrl":"https:\/\/grayling.com\/wp-content\/uploads\/2024\/11\/Grayling-14-2.jpg","inLanguage":"de-DE"},{"@type":"WebPage","@id":"https:\/\/grayling.com\/de\/news-and-views\/celebrating-40-years-of-success-grayling-spains-anniversary-in-madrid\/","url":"https:\/\/grayling.com\/de\/news-and-views\/celebrating-40-years-of-success-grayling-spains-anniversary-in-madrid\/","name":"Grayling Spain: Celebrating 40 years","isPartOf":{"@id":"https:\/\/grayling.com\/de\/#website"},"primaryImageOfPage":{"@id":"https:\/\/grayling.com\/de\/news-and-views\/celebrating-40-years-of-success-grayling-spains-anniversary-in-madrid\/#primaryimage"},"image":{"@id":"https:\/\/grayling.com\/de\/news-and-views\/celebrating-40-years-of-success-grayling-spains-anniversary-in-madrid\/#primaryimage"},"thumbnailUrl":"https:\/\/grayling.com\/wp-content\/uploads\/2024\/11\/Grayling-14-2.jpg","datePublished":"2024-11-06T10:27:15+00:00","dateModified":"2024-11-06T10:47:55+00:00","breadcrumb":{"@id":"https:\/\/grayling.com\/de\/news-and-views\/celebrating-40-years-of-success-grayling-spains-anniversary-in-madrid\/#breadcrumb"},"inLanguage":"de-DE","potentialAction":[{"@type":"ReadAction","target":["https:\/\/grayling.com\/de\/news-and-views\/celebrating-40-years-of-success-grayling-spains-anniversary-in-madrid\/"]}]},{"@type":"ImageObject","inLanguage":"de-DE","@id":"https:\/\/grayling.com\/de\/news-and-views\/celebrating-40-years-of-success-grayling-spains-anniversary-in-madrid\/#primaryimage","url":"https:\/\/grayling.com\/wp-content\/uploads\/2024\/11\/Grayling-14-2.jpg","contentUrl":"https:\/\/grayling.com\/wp-content\/uploads\/2024\/11\/Grayling-14-2.jpg","width":1280,"height":536},{"@type":"BreadcrumbList","@id":"https:\/\/grayling.com\/de\/news-and-views\/celebrating-40-years-of-success-grayling-spains-anniversary-in-madrid\/#breadcrumb","itemListElement":[{"@type":"ListItem","position":1,"name":"Home","item":"https:\/\/grayling.com\/de\/"},{"@type":"ListItem","position":2,"name":"Celebrating 40 Years of Success: Grayling Spain\u2019s Anniversary in Madrid"}]},{"@type":"WebSite","@id":"https:\/\/grayling.com\/de\/#website","url":"https:\/\/grayling.com\/de\/","name":"Grayling","description":"We create advantage","publisher":{"@id":"https:\/\/grayling.com\/de\/#organization"},"potentialAction":[{"@type":"SearchAction","target":{"@type":"EntryPoint","urlTemplate":"https:\/\/grayling.com\/de\/?s={search_term_string}"},"query-input":{"@type":"PropertyValueSpecification","valueRequired":true,"valueName":"search_term_string"}}],"inLanguage":"de-DE"},{"@type":"Organization","@id":"https:\/\/grayling.com\/de\/#organization","name":"Grayling","url":"https:\/\/grayling.com\/de\/","logo":{"@type":"ImageObject","inLanguage":"de-DE","@id":"https:\/\/grayling.com\/de\/#\/schema\/logo\/image\/","url":"https:\/\/grayling.com\/wp-content\/uploads\/2020\/08\/logo.jpg","contentUrl":"https:\/\/grayling.com\/wp-content\/uploads\/2020\/08\/logo.jpg","width":2009,"height":510,"caption":"Grayling"},"image":{"@id":"https:\/\/grayling.com\/de\/#\/schema\/logo\/image\/"}},{"@type":"Person","@id":"https:\/\/grayling.com\/de\/#\/schema\/person\/251e08a9ee207bed4560033529fa47ce","name":"Ayer Mehmet","image":{"@type":"ImageObject","inLanguage":"de-DE","@id":"https:\/\/grayling.com\/de\/#\/schema\/person\/image\/","url":"https:\/\/secure.gravatar.com\/avatar\/dfe275d9acede3df4c4453ea89cc4a8af78c99dc409fe1e6407c482a329cbaaf?s=96&d=mm&r=g","contentUrl":"https:\/\/secure.gravatar.com\/avatar\/dfe275d9acede3df4c4453ea89cc4a8af78c99dc409fe1e6407c482a329cbaaf?s=96&d=mm&r=g","caption":"Ayer Mehmet"},"url":"https:\/\/grayling.com\/de\/news-and-views\/author\/ayer-mehmetgrayling-com\/"}]}},"_links":{"self":[{"href":"https:\/\/grayling.com\/de\/wp-json\/wp\/v2\/posts\/60993","targetHints":{"allow":["GET"]}}],"collection":[{"href":"https:\/\/grayling.com\/de\/wp-json\/wp\/v2\/posts"}],"about":[{"href":"https:\/\/grayling.com\/de\/wp-json\/wp\/v2\/types\/post"}],"author":[{"embeddable":true,"href":"https:\/\/grayling.com\/de\/wp-json\/wp\/v2\/users\/5"}],"replies":[{"embeddable":true,"href":"https:\/\/grayling.com\/de\/wp-json\/wp\/v2\/comments?post=60993"}],"version-history":[{"count":0,"href":"https:\/\/grayling.com\/de\/wp-json\/wp\/v2\/posts\/60993\/revisions"}],"wp:featuredmedia":[{"embeddable":true,"href":"https:\/\/grayling.com\/de\/wp-json\/wp\/v2\/media\/61024"}],"wp:attachment":[{"href":"https:\/\/grayling.com\/de\/wp-json\/wp\/v2\/media?parent=60993"}],"wp:term":[{"taxonomy":"category","embeddable":true,"href":"https:\/\/grayling.com\/de\/wp-json\/wp\/v2\/categories?post=60993"},{"taxonomy":"post_tag","embeddable":true,"href":"https:\/\/grayling.com\/de\/wp-json\/wp\/v2\/tags?post=60993"}],"curies":[{"name":"wp","href":"https:\/\/api.w.org\/{rel}","templated":true}]}}