{"id":52734,"date":"2024-02-15T15:37:19","date_gmt":"2024-02-15T15:37:19","guid":{"rendered":"https:\/\/grayling.com\/?p=52734"},"modified":"2024-02-16T14:25:40","modified_gmt":"2024-02-16T14:25:40","slug":"staatspreis-pr-2023-fuer-wiener-wasser-und-grayling-austria","status":"publish","type":"post","link":"https:\/\/grayling.com\/de\/news-and-views\/staatspreis-pr-2023-fuer-wiener-wasser-und-grayling-austria\/","title":{"rendered":"Staatspreis PR 2023 f\u00fcr Wiener Wasser und Grayling Austria"},"content":{"rendered":"<p><strong>Die Bewusstseinskampagne \u201eKlimaschutz im Hahnumdrehen. 150 Jahre Wiener Wasser\u201c konnte sich nicht nur in der Kategorie \u201eCorporate Communication, Produkt- und Service-PR\u201c durchsetzen, sondern wurde auch mit dem \u00f6sterreichischen PR 2023 ausgezeichnet.<\/strong><\/p>\n<p>Der Staatspreis Public Relations wird j\u00e4hrlich vom \u00f6sterreichischen Bundesministerium f\u00fcr Arbeit und Wirtschaft und dem Branchenverband PRVA verliehen und w\u00fcrdigt herausragende Leistungen heimischer PR-Agenturen. In diesem Jahr wurden der Preis <a href=\"https:\/\/www.ots.at\/presseaussendung\/OTS_20240216_OTS0019\/staatspreis-pr-geht-an-klimaschutz-im-hahnumdrehen-bild\" target=\"_blank\" rel=\"noopener\">in acht Kategorien<\/a> im Rahmen einer Galaveranstaltung im Van Swieten Saal der Medizinischen Universit\u00e4t Wien verliehen.<\/p>\n<p><strong>Ein Jubil\u00e4um f\u00fcr die Zukunft<\/strong><br \/>\nDas Wiener Wasser flie\u00dft seit 150 Jahren dank des nat\u00fcrlichen Gef\u00e4lles ohne Pumpen aus den Alpen in die Bundeshauptstadt. Statt einer Leistungsschau mit historischen und technischen Details stellte die Jubil\u00e4umskampagne den Zukunftsaspekt von <a href=\"https:\/\/www.wien.gv.at\/wienwasser\/\" target=\"_blank\" rel=\"noopener\">Wiener Wasser<\/a> und damit seine Bedeutung f\u00fcr den Klimaschutz in den Mittelpunkt. In der Kommunikation wurde gezeigt, wie einfach Wiener*innen einen Beitrag leisten k\u00f6nnen: Durch eine kleine Bewegung, wie das Aufdrehen des Wasserhahns, schaffen wir alle unsere eigene \u201eKlimaschutzbewegung\u201c. Denn wenn wir auf Flaschen und verpackte Getr\u00e4nke verzichten und stattdessen unseren Durst mit bestem Hochquellwasser stillen, tun wir dem Klima, dem Geldb\u00f6rserl und uns selbst etwas Gutes. Und weil eine Kampagne zu einem ersten Thema mit Augenzwinkern und Charme eher auf offene Ohren st\u00f6\u00dft, wurde das Ganze unter das Motto \u201eWiener Wasser. Klimaschutz im Hahnumdrehen\u201c gestellt.<\/p>\n<div id=\"attachment_52741\" class=\"wp-caption alignnone\"><img loading=\"lazy\" decoding=\"async\" aria-describedby=\"caption-attachment-52741\" class=\"wp-image-52741 size-large\" style=\"font-weight: bold; font-size: 1rem;\" src=\"https:\/\/grayling.com\/wp-content\/uploads\/2024\/02\/Foto_Staatspreis_Website-1110x740.png\" alt=\"\" width=\"1110\" height=\"740\" srcset=\"https:\/\/grayling.com\/wp-content\/uploads\/2024\/02\/Foto_Staatspreis_Website-1110x740.png 1110w, https:\/\/grayling.com\/wp-content\/uploads\/2024\/02\/Foto_Staatspreis_Website-450x300.png 450w, https:\/\/grayling.com\/wp-content\/uploads\/2024\/02\/Foto_Staatspreis_Website-768x512.png 768w, https:\/\/grayling.com\/wp-content\/uploads\/2024\/02\/Foto_Staatspreis_Website-600x400.png 600w, https:\/\/grayling.com\/wp-content\/uploads\/2024\/02\/Foto_Staatspreis_Website.png 1200w\" sizes=\"auto, (max-width: 1110px) 100vw, 1110px\" \/><p id=\"caption-attachment-52741\" class=\"wp-caption-text\"><\/figure> Ingrid Gogl (PRVA), Sigrid Krupica (Grayling), Roman M\u00fcller (Wiener Wasser), Michaela Sch\u00fctzinger, Moritz Arnold, Berith Hagvaag, Franziska Wamsler (alle Grayling), Theresa Dienstl, Katja D\u00e4mmrich, Astrid Rompolt (alle Wiener Wasser), Roland Weinert (Bundesministerium f\u00fcr Arbeit und Wirtschaft) sowie Norbert Klicha (Wiener Wasser). \u00a9PRVAAPA-Fotoservice-H\u00f6rmandinger<\/p><\/div>\n<p><strong>Mit einem 360-Grad-Ansatz zum Erfolg<\/strong><br \/>\nZu den verschiedenen Kommunikationsaktivit\u00e4ten, die auf allen Ebenen sprudelnde Ergebnisse erzielten, geh\u00f6rten unter anderem eine TV-Doku von Terra Mater, eine Festschrift in Form eines <a href=\"https:\/\/www.wien.gv.at\/wienwasser\/publikationen\/comic-abenteuer-hoellental.html\" target=\"_blank\" rel=\"noopener\">Comic-Buchs vom K\u00fcnstler Albert Mitringer<\/a>, eine Mitmach-Ausstellung im Zoom Kindermuseum, ein Festakt f\u00fcr Mitarbeitende von Wiener Wasser in Kaiserbrunn sowie laufende Social-Media-Kommunikation mit Zahlen, Daten, Fakten und Tipps.<\/p>\n<div id=\"attachment_52747\" class=\"wp-caption alignnone\"><img loading=\"lazy\" decoding=\"async\" aria-describedby=\"caption-attachment-52747\" class=\"wp-image-52747 size-large\" src=\"https:\/\/grayling.com\/wp-content\/uploads\/2024\/02\/Foto_Abenteuer-Hollental-1110x740.jpg\" alt=\"\" width=\"1110\" height=\"740\" srcset=\"https:\/\/grayling.com\/wp-content\/uploads\/2024\/02\/Foto_Abenteuer-Hollental-1110x740.jpg 1110w, https:\/\/grayling.com\/wp-content\/uploads\/2024\/02\/Foto_Abenteuer-Hollental-450x300.jpg 450w, https:\/\/grayling.com\/wp-content\/uploads\/2024\/02\/Foto_Abenteuer-Hollental-768x512.jpg 768w, https:\/\/grayling.com\/wp-content\/uploads\/2024\/02\/Foto_Abenteuer-Hollental-600x400.jpg 600w, https:\/\/grayling.com\/wp-content\/uploads\/2024\/02\/Foto_Abenteuer-Hollental.jpg 1200w\" sizes=\"auto, (max-width: 1110px) 100vw, 1110px\" \/><p id=\"caption-attachment-52747\" class=\"wp-caption-text\"><\/figure> Foto \u00a9Grayling<\/p><\/div>\n<p><strong>Credits:<\/strong><br \/>\nKund*innen-Team Stadt Wien \u2013 Wiener Wasser:<br \/>\nAstrid Rompolt, Katja D\u00e4mmrich, Theresa Dienstl, Christian Stern, Roman M\u00fcller<\/p>\n<p>Agentur-Team Grayling:<br \/>\nSigrid Krupica, Moritz Arnold, Berith Hagvaag, Michaela Sch\u00fctzinger, Franziska Wamsler, Andreas Klammer-Baltacis<\/p>\n<p><strong>Titelfoto:<\/strong> \u00a9Wiener Wasser\/Karo Pernegger<\/p>\n<p>&nbsp;<\/p>\n<p><strong>Kontakt f\u00fcr R\u00fcckfragen:<\/strong> Berith Hagvaag, <a href=\"mailto:berith.hagvaag@grayling.com\" target=\"_blank\" rel=\"noopener\">berith.hagvaag@grayling.com<\/a><\/p>\n","protected":false},"excerpt":{"rendered":"Die Bewusstseinskampagne \u201eKlimaschutz im Hahnumdrehen. 150 Jahre Wiener Wasser\u201c konnte sich nicht nur in der Kategorie \u201eCorporate Communication, Produkt- und Service-PR\u201c durchsetzen, sondern wurde auch mit dem \u00f6sterreichischen PR 2023 ausgezeichnet. Der Staatspreis Public Relations wird j\u00e4hrlich vom \u00f6sterreichischen Bundesministerium f\u00fcr Arbeit und Wirtschaft und dem Branchenverband PRVA verliehen und w\u00fcrdigt herausragende Leistungen heimischer PR-Agenturen&#8230;.","protected":false},"author":9,"featured_media":52735,"comment_status":"closed","ping_status":"open","sticky":false,"template":"","format":"standard","meta":{"footnotes":""},"categories":[276],"tags":[],"class_list":["post-52734","post","type-post","status-publish","format-standard","has-post-thumbnail","hentry","category-award-de","Sector-corporate-affairs-de","Sector-pr-and-media-relations-de","Sector-sustainability-de"],"acf":[],"yoast_head":"<!-- This site is optimized with the Yoast SEO plugin v26.9 - https:\/\/yoast.com\/product\/yoast-seo-wordpress\/ -->\n<title>Staatspreis PR 2023 f\u00fcr Wiener Wasser und Grayling Austria - Grayling<\/title>\n<meta name=\"description\" content=\"Die Bewusstseinskampagne \u201eKlimaschutz im Hahnumdrehen. 150 Jahre Wiener Wasser\u201c wurde mit dem Staatspreis PR ausgezeichnet\" \/>\n<meta name=\"robots\" content=\"index, follow, max-snippet:-1, max-image-preview:large, max-video-preview:-1\" \/>\n<link rel=\"canonical\" href=\"https:\/\/grayling.com\/de\/news-and-views\/staatspreis-pr-2023-fuer-wiener-wasser-und-grayling-austria\/\" \/>\n<meta property=\"og:locale\" content=\"de_DE\" \/>\n<meta property=\"og:type\" content=\"article\" \/>\n<meta property=\"og:title\" content=\"Staatspreis PR 2023 f\u00fcr Wiener Wasser und Grayling Austria - Grayling\" \/>\n<meta property=\"og:description\" content=\"Die Bewusstseinskampagne \u201eKlimaschutz im Hahnumdrehen. 150 Jahre Wiener Wasser\u201c wurde mit dem Staatspreis PR ausgezeichnet\" \/>\n<meta property=\"og:url\" content=\"https:\/\/grayling.com\/de\/news-and-views\/staatspreis-pr-2023-fuer-wiener-wasser-und-grayling-austria\/\" \/>\n<meta property=\"og:site_name\" content=\"Grayling\" \/>\n<meta property=\"article:published_time\" content=\"2024-02-15T15:37:19+00:00\" \/>\n<meta property=\"article:modified_time\" content=\"2024-02-16T14:25:40+00:00\" \/>\n<meta property=\"og:image\" content=\"https:\/\/grayling.com\/wp-content\/uploads\/2024\/02\/Wiener_Wasser_Karo_Pernegger.jpg\" \/>\n\t<meta property=\"og:image:width\" content=\"1920\" \/>\n\t<meta property=\"og:image:height\" content=\"1110\" \/>\n\t<meta property=\"og:image:type\" content=\"image\/jpeg\" \/>\n<meta name=\"author\" content=\"Berith Hagvaag\" \/>\n<meta name=\"twitter:card\" content=\"summary_large_image\" \/>\n<meta name=\"twitter:label1\" content=\"Verfasst von\" \/>\n\t<meta name=\"twitter:data1\" content=\"Berith Hagvaag\" \/>\n\t<meta name=\"twitter:label2\" content=\"Gesch\u00e4tzte Lesezeit\" \/>\n\t<meta name=\"twitter:data2\" content=\"2 Minuten\" \/>\n<script type=\"application\/ld+json\" class=\"yoast-schema-graph\">{\"@context\":\"https:\/\/schema.org\",\"@graph\":[{\"@type\":\"Article\",\"@id\":\"https:\/\/grayling.com\/de\/news-and-views\/staatspreis-pr-2023-fuer-wiener-wasser-und-grayling-austria\/#article\",\"isPartOf\":{\"@id\":\"https:\/\/grayling.com\/de\/news-and-views\/staatspreis-pr-2023-fuer-wiener-wasser-und-grayling-austria\/\"},\"author\":{\"name\":\"Berith Hagvaag\",\"@id\":\"https:\/\/grayling.com\/de\/#\/schema\/person\/bfadd7170b30bf0f524842c08bf00f3c\"},\"headline\":\"Staatspreis PR 2023 f\u00fcr Wiener Wasser und Grayling Austria\",\"datePublished\":\"2024-02-15T15:37:19+00:00\",\"dateModified\":\"2024-02-16T14:25:40+00:00\",\"mainEntityOfPage\":{\"@id\":\"https:\/\/grayling.com\/de\/news-and-views\/staatspreis-pr-2023-fuer-wiener-wasser-und-grayling-austria\/\"},\"wordCount\":408,\"publisher\":{\"@id\":\"https:\/\/grayling.com\/de\/#organization\"},\"image\":{\"@id\":\"https:\/\/grayling.com\/de\/news-and-views\/staatspreis-pr-2023-fuer-wiener-wasser-und-grayling-austria\/#primaryimage\"},\"thumbnailUrl\":\"https:\/\/grayling.com\/wp-content\/uploads\/2024\/02\/Wiener_Wasser_Karo_Pernegger.jpg\",\"articleSection\":[\"Award\"],\"inLanguage\":\"de-DE\"},{\"@type\":\"WebPage\",\"@id\":\"https:\/\/grayling.com\/de\/news-and-views\/staatspreis-pr-2023-fuer-wiener-wasser-und-grayling-austria\/\",\"url\":\"https:\/\/grayling.com\/de\/news-and-views\/staatspreis-pr-2023-fuer-wiener-wasser-und-grayling-austria\/\",\"name\":\"Staatspreis PR 2023 f\u00fcr Wiener Wasser und Grayling Austria - Grayling\",\"isPartOf\":{\"@id\":\"https:\/\/grayling.com\/de\/#website\"},\"primaryImageOfPage\":{\"@id\":\"https:\/\/grayling.com\/de\/news-and-views\/staatspreis-pr-2023-fuer-wiener-wasser-und-grayling-austria\/#primaryimage\"},\"image\":{\"@id\":\"https:\/\/grayling.com\/de\/news-and-views\/staatspreis-pr-2023-fuer-wiener-wasser-und-grayling-austria\/#primaryimage\"},\"thumbnailUrl\":\"https:\/\/grayling.com\/wp-content\/uploads\/2024\/02\/Wiener_Wasser_Karo_Pernegger.jpg\",\"datePublished\":\"2024-02-15T15:37:19+00:00\",\"dateModified\":\"2024-02-16T14:25:40+00:00\",\"description\":\"Die Bewusstseinskampagne \u201eKlimaschutz im Hahnumdrehen. 150 Jahre Wiener Wasser\u201c wurde mit dem Staatspreis PR ausgezeichnet\",\"breadcrumb\":{\"@id\":\"https:\/\/grayling.com\/de\/news-and-views\/staatspreis-pr-2023-fuer-wiener-wasser-und-grayling-austria\/#breadcrumb\"},\"inLanguage\":\"de-DE\",\"potentialAction\":[{\"@type\":\"ReadAction\",\"target\":[\"https:\/\/grayling.com\/de\/news-and-views\/staatspreis-pr-2023-fuer-wiener-wasser-und-grayling-austria\/\"]}]},{\"@type\":\"ImageObject\",\"inLanguage\":\"de-DE\",\"@id\":\"https:\/\/grayling.com\/de\/news-and-views\/staatspreis-pr-2023-fuer-wiener-wasser-und-grayling-austria\/#primaryimage\",\"url\":\"https:\/\/grayling.com\/wp-content\/uploads\/2024\/02\/Wiener_Wasser_Karo_Pernegger.jpg\",\"contentUrl\":\"https:\/\/grayling.com\/wp-content\/uploads\/2024\/02\/Wiener_Wasser_Karo_Pernegger.jpg\",\"width\":1920,\"height\":1110},{\"@type\":\"BreadcrumbList\",\"@id\":\"https:\/\/grayling.com\/de\/news-and-views\/staatspreis-pr-2023-fuer-wiener-wasser-und-grayling-austria\/#breadcrumb\",\"itemListElement\":[{\"@type\":\"ListItem\",\"position\":1,\"name\":\"Home\",\"item\":\"https:\/\/grayling.com\/de\/\"},{\"@type\":\"ListItem\",\"position\":2,\"name\":\"Staatspreis PR 2023 f\u00fcr Wiener Wasser und Grayling Austria\"}]},{\"@type\":\"WebSite\",\"@id\":\"https:\/\/grayling.com\/de\/#website\",\"url\":\"https:\/\/grayling.com\/de\/\",\"name\":\"Grayling\",\"description\":\"We create advantage\",\"publisher\":{\"@id\":\"https:\/\/grayling.com\/de\/#organization\"},\"potentialAction\":[{\"@type\":\"SearchAction\",\"target\":{\"@type\":\"EntryPoint\",\"urlTemplate\":\"https:\/\/grayling.com\/de\/?s={search_term_string}\"},\"query-input\":{\"@type\":\"PropertyValueSpecification\",\"valueRequired\":true,\"valueName\":\"search_term_string\"}}],\"inLanguage\":\"de-DE\"},{\"@type\":\"Organization\",\"@id\":\"https:\/\/grayling.com\/de\/#organization\",\"name\":\"Grayling\",\"url\":\"https:\/\/grayling.com\/de\/\",\"logo\":{\"@type\":\"ImageObject\",\"inLanguage\":\"de-DE\",\"@id\":\"https:\/\/grayling.com\/de\/#\/schema\/logo\/image\/\",\"url\":\"https:\/\/grayling.com\/wp-content\/uploads\/2020\/08\/logo.jpg\",\"contentUrl\":\"https:\/\/grayling.com\/wp-content\/uploads\/2020\/08\/logo.jpg\",\"width\":2009,\"height\":510,\"caption\":\"Grayling\"},\"image\":{\"@id\":\"https:\/\/grayling.com\/de\/#\/schema\/logo\/image\/\"}},{\"@type\":\"Person\",\"@id\":\"https:\/\/grayling.com\/de\/#\/schema\/person\/bfadd7170b30bf0f524842c08bf00f3c\",\"name\":\"Berith Hagvaag\",\"image\":{\"@type\":\"ImageObject\",\"inLanguage\":\"de-DE\",\"@id\":\"https:\/\/grayling.com\/de\/#\/schema\/person\/image\/\",\"url\":\"https:\/\/secure.gravatar.com\/avatar\/0acb3faafd56c7bd193e728c1aa1e0cb648c6fb7d8400d678e11a03e7c1fd95c?s=96&d=mm&r=g\",\"contentUrl\":\"https:\/\/secure.gravatar.com\/avatar\/0acb3faafd56c7bd193e728c1aa1e0cb648c6fb7d8400d678e11a03e7c1fd95c?s=96&d=mm&r=g\",\"caption\":\"Berith Hagvaag\"},\"url\":\"https:\/\/grayling.com\/de\/news-and-views\/author\/berith\/\"}]}<\/script>\n<!-- \/ Yoast SEO plugin. -->","yoast_head_json":{"title":"Staatspreis PR 2023 f\u00fcr Wiener Wasser und Grayling Austria - Grayling","description":"Die Bewusstseinskampagne \u201eKlimaschutz im Hahnumdrehen. 150 Jahre Wiener Wasser\u201c wurde mit dem Staatspreis PR ausgezeichnet","robots":{"index":"index","follow":"follow","max-snippet":"max-snippet:-1","max-image-preview":"max-image-preview:large","max-video-preview":"max-video-preview:-1"},"canonical":"https:\/\/grayling.com\/de\/news-and-views\/staatspreis-pr-2023-fuer-wiener-wasser-und-grayling-austria\/","og_locale":"de_DE","og_type":"article","og_title":"Staatspreis PR 2023 f\u00fcr Wiener Wasser und Grayling Austria - Grayling","og_description":"Die Bewusstseinskampagne \u201eKlimaschutz im Hahnumdrehen. 150 Jahre Wiener Wasser\u201c wurde mit dem Staatspreis PR ausgezeichnet","og_url":"https:\/\/grayling.com\/de\/news-and-views\/staatspreis-pr-2023-fuer-wiener-wasser-und-grayling-austria\/","og_site_name":"Grayling","article_published_time":"2024-02-15T15:37:19+00:00","article_modified_time":"2024-02-16T14:25:40+00:00","og_image":[{"width":1920,"height":1110,"url":"https:\/\/grayling.com\/wp-content\/uploads\/2024\/02\/Wiener_Wasser_Karo_Pernegger.jpg","type":"image\/jpeg"}],"author":"Berith Hagvaag","twitter_card":"summary_large_image","twitter_misc":{"Verfasst von":"Berith Hagvaag","Gesch\u00e4tzte Lesezeit":"2 Minuten"},"schema":{"@context":"https:\/\/schema.org","@graph":[{"@type":"Article","@id":"https:\/\/grayling.com\/de\/news-and-views\/staatspreis-pr-2023-fuer-wiener-wasser-und-grayling-austria\/#article","isPartOf":{"@id":"https:\/\/grayling.com\/de\/news-and-views\/staatspreis-pr-2023-fuer-wiener-wasser-und-grayling-austria\/"},"author":{"name":"Berith Hagvaag","@id":"https:\/\/grayling.com\/de\/#\/schema\/person\/bfadd7170b30bf0f524842c08bf00f3c"},"headline":"Staatspreis PR 2023 f\u00fcr Wiener Wasser und Grayling Austria","datePublished":"2024-02-15T15:37:19+00:00","dateModified":"2024-02-16T14:25:40+00:00","mainEntityOfPage":{"@id":"https:\/\/grayling.com\/de\/news-and-views\/staatspreis-pr-2023-fuer-wiener-wasser-und-grayling-austria\/"},"wordCount":408,"publisher":{"@id":"https:\/\/grayling.com\/de\/#organization"},"image":{"@id":"https:\/\/grayling.com\/de\/news-and-views\/staatspreis-pr-2023-fuer-wiener-wasser-und-grayling-austria\/#primaryimage"},"thumbnailUrl":"https:\/\/grayling.com\/wp-content\/uploads\/2024\/02\/Wiener_Wasser_Karo_Pernegger.jpg","articleSection":["Award"],"inLanguage":"de-DE"},{"@type":"WebPage","@id":"https:\/\/grayling.com\/de\/news-and-views\/staatspreis-pr-2023-fuer-wiener-wasser-und-grayling-austria\/","url":"https:\/\/grayling.com\/de\/news-and-views\/staatspreis-pr-2023-fuer-wiener-wasser-und-grayling-austria\/","name":"Staatspreis PR 2023 f\u00fcr Wiener Wasser und Grayling Austria - Grayling","isPartOf":{"@id":"https:\/\/grayling.com\/de\/#website"},"primaryImageOfPage":{"@id":"https:\/\/grayling.com\/de\/news-and-views\/staatspreis-pr-2023-fuer-wiener-wasser-und-grayling-austria\/#primaryimage"},"image":{"@id":"https:\/\/grayling.com\/de\/news-and-views\/staatspreis-pr-2023-fuer-wiener-wasser-und-grayling-austria\/#primaryimage"},"thumbnailUrl":"https:\/\/grayling.com\/wp-content\/uploads\/2024\/02\/Wiener_Wasser_Karo_Pernegger.jpg","datePublished":"2024-02-15T15:37:19+00:00","dateModified":"2024-02-16T14:25:40+00:00","description":"Die Bewusstseinskampagne \u201eKlimaschutz im Hahnumdrehen. 150 Jahre Wiener Wasser\u201c wurde mit dem Staatspreis PR ausgezeichnet","breadcrumb":{"@id":"https:\/\/grayling.com\/de\/news-and-views\/staatspreis-pr-2023-fuer-wiener-wasser-und-grayling-austria\/#breadcrumb"},"inLanguage":"de-DE","potentialAction":[{"@type":"ReadAction","target":["https:\/\/grayling.com\/de\/news-and-views\/staatspreis-pr-2023-fuer-wiener-wasser-und-grayling-austria\/"]}]},{"@type":"ImageObject","inLanguage":"de-DE","@id":"https:\/\/grayling.com\/de\/news-and-views\/staatspreis-pr-2023-fuer-wiener-wasser-und-grayling-austria\/#primaryimage","url":"https:\/\/grayling.com\/wp-content\/uploads\/2024\/02\/Wiener_Wasser_Karo_Pernegger.jpg","contentUrl":"https:\/\/grayling.com\/wp-content\/uploads\/2024\/02\/Wiener_Wasser_Karo_Pernegger.jpg","width":1920,"height":1110},{"@type":"BreadcrumbList","@id":"https:\/\/grayling.com\/de\/news-and-views\/staatspreis-pr-2023-fuer-wiener-wasser-und-grayling-austria\/#breadcrumb","itemListElement":[{"@type":"ListItem","position":1,"name":"Home","item":"https:\/\/grayling.com\/de\/"},{"@type":"ListItem","position":2,"name":"Staatspreis PR 2023 f\u00fcr Wiener Wasser und Grayling Austria"}]},{"@type":"WebSite","@id":"https:\/\/grayling.com\/de\/#website","url":"https:\/\/grayling.com\/de\/","name":"Grayling","description":"We create advantage","publisher":{"@id":"https:\/\/grayling.com\/de\/#organization"},"potentialAction":[{"@type":"SearchAction","target":{"@type":"EntryPoint","urlTemplate":"https:\/\/grayling.com\/de\/?s={search_term_string}"},"query-input":{"@type":"PropertyValueSpecification","valueRequired":true,"valueName":"search_term_string"}}],"inLanguage":"de-DE"},{"@type":"Organization","@id":"https:\/\/grayling.com\/de\/#organization","name":"Grayling","url":"https:\/\/grayling.com\/de\/","logo":{"@type":"ImageObject","inLanguage":"de-DE","@id":"https:\/\/grayling.com\/de\/#\/schema\/logo\/image\/","url":"https:\/\/grayling.com\/wp-content\/uploads\/2020\/08\/logo.jpg","contentUrl":"https:\/\/grayling.com\/wp-content\/uploads\/2020\/08\/logo.jpg","width":2009,"height":510,"caption":"Grayling"},"image":{"@id":"https:\/\/grayling.com\/de\/#\/schema\/logo\/image\/"}},{"@type":"Person","@id":"https:\/\/grayling.com\/de\/#\/schema\/person\/bfadd7170b30bf0f524842c08bf00f3c","name":"Berith Hagvaag","image":{"@type":"ImageObject","inLanguage":"de-DE","@id":"https:\/\/grayling.com\/de\/#\/schema\/person\/image\/","url":"https:\/\/secure.gravatar.com\/avatar\/0acb3faafd56c7bd193e728c1aa1e0cb648c6fb7d8400d678e11a03e7c1fd95c?s=96&d=mm&r=g","contentUrl":"https:\/\/secure.gravatar.com\/avatar\/0acb3faafd56c7bd193e728c1aa1e0cb648c6fb7d8400d678e11a03e7c1fd95c?s=96&d=mm&r=g","caption":"Berith Hagvaag"},"url":"https:\/\/grayling.com\/de\/news-and-views\/author\/berith\/"}]}},"_links":{"self":[{"href":"https:\/\/grayling.com\/de\/wp-json\/wp\/v2\/posts\/52734","targetHints":{"allow":["GET"]}}],"collection":[{"href":"https:\/\/grayling.com\/de\/wp-json\/wp\/v2\/posts"}],"about":[{"href":"https:\/\/grayling.com\/de\/wp-json\/wp\/v2\/types\/post"}],"author":[{"embeddable":true,"href":"https:\/\/grayling.com\/de\/wp-json\/wp\/v2\/users\/9"}],"replies":[{"embeddable":true,"href":"https:\/\/grayling.com\/de\/wp-json\/wp\/v2\/comments?post=52734"}],"version-history":[{"count":0,"href":"https:\/\/grayling.com\/de\/wp-json\/wp\/v2\/posts\/52734\/revisions"}],"wp:featuredmedia":[{"embeddable":true,"href":"https:\/\/grayling.com\/de\/wp-json\/wp\/v2\/media\/52735"}],"wp:attachment":[{"href":"https:\/\/grayling.com\/de\/wp-json\/wp\/v2\/media?parent=52734"}],"wp:term":[{"taxonomy":"category","embeddable":true,"href":"https:\/\/grayling.com\/de\/wp-json\/wp\/v2\/categories?post=52734"},{"taxonomy":"post_tag","embeddable":true,"href":"https:\/\/grayling.com\/de\/wp-json\/wp\/v2\/tags?post=52734"}],"curies":[{"name":"wp","href":"https:\/\/api.w.org\/{rel}","templated":true}]}}