{"id":51856,"date":"2024-01-09T11:32:13","date_gmt":"2024-01-09T11:32:13","guid":{"rendered":"https:\/\/grayling.com\/?p=51856"},"modified":"2024-01-09T11:32:13","modified_gmt":"2024-01-09T11:32:13","slug":"bitton-glaab-neue-ceo-deutschland-fuer-grayling","status":"publish","type":"post","link":"https:\/\/grayling.com\/de\/news-and-views\/bitton-glaab-neue-ceo-deutschland-fuer-grayling\/","title":{"rendered":"Grayling ernennt Emmanuelle Bitton-Glaab als neue CEO Deutschland"},"content":{"rendered":"<p><strong>Grayling gibt die Ernennung von Emmanuelle Bitton-Glaab (54) zur CEO Deutschland bekannt. Emmanuelle wird die strategische Entwicklung und das Wachstum des Deutschlandgesch\u00e4fts mit dem 20-k\u00f6pfigen Team aus den B\u00fcros in Frankfurt, M\u00fcnchen und Berlin vorantreiben. Besonderer Fokus wird auf die Cross-Border Gesch\u00e4ftsentwicklung sowie die Integration mit dem europ\u00e4ischen Netzwerk gelegt werden.<\/strong><\/p>\n<p>Die neue Bekanntgabe erfolgt vor dem Hintergrund der \u00dcbernahme der Berliner Unternehmensberatung f\u00fcr Strategie &amp; Kommunikationsmanagement Advice Partners GmbH im Jahr 2022, mit der Grayling seine Position als umfangreichstes Corporate Affairs-Netzwerk in Europa st\u00e4rken will.<\/p>\n<p>\u201eWir freuen uns sehr \u00fcber Emmanuelles Einstieg bei Grayling&#8220;, sagt Richard Jukes, Executive Chairman von Grayling. \u201eMit ihrer sektoren\u00fcbergreifenden Erfahrung sowohl im Beratungsgesch\u00e4ft als auf der Unternehmensseite, sowie ihrem Spirit zur Ver\u00e4nderung und Innovation bringt Emmanuelle eine andere und dynamische Perspektive ein, die unser Deutschlandgesch\u00e4ft nachhaltig ver\u00e4ndern wird.&#8220;<\/p>\n<p>Bitton-Glaab war zuletzt Gesch\u00e4ftsf\u00fchrerin der hessischen familiengef\u00fchrten Brauerei Glaabsbr\u00e4u GmbH &amp; Co.KG (Seligenstadt), wo sie sich auf Change Management und Nachhaltigkeit konzentriert hat. Strategie, Business Development und integrierte Kommunikation bilden weitere Kernkompetenzen, die sie sowohl in Unternehmen wie der Gruppe Deutsche B\u00f6rse als auch in der Beratungsbranche entwickelt hat. Zuletzt war Emmanuelle Bitton-Glaab als Partnerin f\u00fcr die auf Finanzkommunikation- und Nachhaltigkeit spezialisierte GFD-Finanzkommunikation mbH in Frankfurt t\u00e4tig.<\/p>\n<p>\u201eIch freue mich besonders, bei Grayling einzutreten, in einer Zeit in der Unternehmen und Institutionen durch beispiellose Unsicherheiten und Transformation navigieren m\u00fcssen. Mehr denn je ist erfolgreiche Kommunikation, als Eckpfeiler der Unternehmensstrategie, unabdingbar f\u00fcr die Akzeptanz internen und externen Stakeholder und entscheidet letztlich \u00fcber die Resilienzf\u00e4higkeit und den Unternehmenserfolg.\u201c, betont Emmanuelle Bitton-Glaab, CEO von Grayling Deutschland. \u201eGrayling ist durch seine anerkannte Industrie-Fachexpertise und sein globales Beratungsnetzwerk ein vertrauensw\u00fcrdiger Berater f\u00fcr Unternehmen und Institutionen in Deutschland und weltweit. Gepr\u00e4gt durch meine Management-Erfahrung im Familienunternehmen wei\u00df ich den Unternehmergeist und die Agilit\u00e4t vom Grayling-Netzwerk besonders zu sch\u00e4tzen\u201c, erg\u00e4nzt Emmanuelle Bitton-Glaab.<\/p>\n<p>Emmanuelle Bitton-Glaab hat die deutsche und franz\u00f6sische Staatsangeh\u00f6rigkeit und ist Pr\u00e4sidentin des Deutsch-Franz\u00f6sischen Wirtschaftsclubs in Hessen. Sie ist Teil des vom franz\u00f6sischen Premierminister nominierten, international t\u00e4tigen franz\u00f6sischen Wirtschaftsnetzwerks der franz\u00f6sischen Au\u00dfenhandelsberater. Dar\u00fcber hinaus ist sie Mitglied der Deutsch-Britischen Gesellschaft in Frankfurt und Beiratsmitglied des international t\u00e4tigen \u201eGlobal Female Leader Summit\u201c in Deutschland. Sie unterst\u00fctzt eine in Kiew ans\u00e4ssige UNO-zertifizierte NGO (Non-Governmental Organisation), die sich dem Schutz von Kindern in der Ukraine widmet.<\/p>\n<p>Sie h\u00e4lt einen Bachelor Abschluss in Betriebswirtschaft und Volkswirtschaftslehre der Business School in Reims, Frankreich. Bitton-Glaab besitzt eine Spezialisierungszertifizierung f\u00fcr \u201eEntrepreneurship und Innovation\u201c der Harvard Business School und ist im Sustainability Management des Institute for Sustainability Leadership der Cambridge University online zertifiziert. Dar\u00fcber hinaus hat sie eine Grundqualifizierung der Intes-Familienakademie | PwC f\u00fcr Beir\u00e4te und Aufsichtsr\u00e4te im Familienunternehmen erworben.<\/p>\n<p>&nbsp;<\/p>\n<p><strong>Emmanuelle Bitton-Glaab auf <span style=\"text-decoration: underline;\"><a href=\"https:\/\/www.linkedin.com\/in\/emmanuelle-bitton-glaab-377a4223\/\">LinkedIn<\/a><\/span>.\u00a0<\/strong><\/p>\n","protected":false},"excerpt":{"rendered":"Grayling gibt die Ernennung von Emmanuelle Bitton-Glaab (54) zur CEO Deutschland bekannt. Emmanuelle wird die strategische Entwicklung und das Wachstum des Deutschlandgesch\u00e4fts mit dem 20-k\u00f6pfigen Team aus den B\u00fcros in Frankfurt, M\u00fcnchen und Berlin vorantreiben. Besonderer Fokus wird auf die Cross-Border Gesch\u00e4ftsentwicklung sowie die Integration mit dem europ\u00e4ischen Netzwerk gelegt werden. Die neue Bekanntgabe erfolgt&#8230;","protected":false},"author":91,"featured_media":51857,"comment_status":"closed","ping_status":"open","sticky":false,"template":"","format":"standard","meta":{"footnotes":""},"categories":[289],"tags":[],"class_list":["post-51856","post","type-post","status-publish","format-standard","has-post-thumbnail","hentry","category-neuigkeiten"],"acf":[],"yoast_head":"<!-- This site is optimized with the Yoast SEO plugin v26.9 - https:\/\/yoast.com\/product\/yoast-seo-wordpress\/ -->\n<title>Grayling ernennt Emmanuelle Bitton-Glaab als neue CEO Deutschland - Grayling<\/title>\n<meta name=\"description\" content=\"Grayling ernennt Emmanuelle Bitton-Glaab (54) zur neuen CEO Deutschland. Sie wird die strategische Entwicklung in Deutschland vorantreiben.\" \/>\n<meta name=\"robots\" content=\"index, follow, max-snippet:-1, max-image-preview:large, max-video-preview:-1\" \/>\n<link rel=\"canonical\" href=\"https:\/\/grayling.com\/de\/news-and-views\/bitton-glaab-neue-ceo-deutschland-fuer-grayling\/\" \/>\n<meta property=\"og:locale\" content=\"de_DE\" \/>\n<meta property=\"og:type\" content=\"article\" \/>\n<meta property=\"og:title\" content=\"Grayling ernennt Emmanuelle Bitton-Glaab als neue CEO Deutschland - Grayling\" \/>\n<meta property=\"og:description\" content=\"Grayling ernennt Emmanuelle Bitton-Glaab (54) zur neuen CEO Deutschland. Sie wird die strategische Entwicklung in Deutschland vorantreiben.\" \/>\n<meta property=\"og:url\" content=\"https:\/\/grayling.com\/de\/news-and-views\/bitton-glaab-neue-ceo-deutschland-fuer-grayling\/\" \/>\n<meta property=\"og:site_name\" content=\"Grayling\" \/>\n<meta property=\"article:published_time\" content=\"2024-01-09T11:32:13+00:00\" \/>\n<meta property=\"og:image\" content=\"https:\/\/grayling.com\/wp-content\/uploads\/2024\/01\/Emmanuelle-Bitton-Glaab-CEO-Grayling_small.jpg\" \/>\n\t<meta property=\"og:image:width\" content=\"1920\" \/>\n\t<meta property=\"og:image:height\" content=\"1281\" \/>\n\t<meta property=\"og:image:type\" content=\"image\/jpeg\" \/>\n<meta name=\"author\" content=\"Nadia Padayachy\" \/>\n<meta name=\"twitter:card\" content=\"summary_large_image\" \/>\n<meta name=\"twitter:label1\" content=\"Verfasst von\" \/>\n\t<meta name=\"twitter:data1\" content=\"Nadia Padayachy\" \/>\n\t<meta name=\"twitter:label2\" content=\"Gesch\u00e4tzte Lesezeit\" \/>\n\t<meta name=\"twitter:data2\" content=\"2 Minuten\" \/>\n<script type=\"application\/ld+json\" class=\"yoast-schema-graph\">{\"@context\":\"https:\/\/schema.org\",\"@graph\":[{\"@type\":\"Article\",\"@id\":\"https:\/\/grayling.com\/de\/news-and-views\/bitton-glaab-neue-ceo-deutschland-fuer-grayling\/#article\",\"isPartOf\":{\"@id\":\"https:\/\/grayling.com\/de\/news-and-views\/bitton-glaab-neue-ceo-deutschland-fuer-grayling\/\"},\"author\":{\"name\":\"Nadia Padayachy\",\"@id\":\"https:\/\/grayling.com\/de\/#\/schema\/person\/8d92e68163e38d0aaf1d6108c29fa7bc\"},\"headline\":\"Grayling ernennt Emmanuelle Bitton-Glaab als neue CEO Deutschland\",\"datePublished\":\"2024-01-09T11:32:13+00:00\",\"mainEntityOfPage\":{\"@id\":\"https:\/\/grayling.com\/de\/news-and-views\/bitton-glaab-neue-ceo-deutschland-fuer-grayling\/\"},\"wordCount\":489,\"publisher\":{\"@id\":\"https:\/\/grayling.com\/de\/#organization\"},\"image\":{\"@id\":\"https:\/\/grayling.com\/de\/news-and-views\/bitton-glaab-neue-ceo-deutschland-fuer-grayling\/#primaryimage\"},\"thumbnailUrl\":\"https:\/\/grayling.com\/wp-content\/uploads\/2024\/01\/Emmanuelle-Bitton-Glaab-CEO-Grayling_small.jpg\",\"articleSection\":[\"Neuigkeiten\"],\"inLanguage\":\"de-DE\"},{\"@type\":\"WebPage\",\"@id\":\"https:\/\/grayling.com\/de\/news-and-views\/bitton-glaab-neue-ceo-deutschland-fuer-grayling\/\",\"url\":\"https:\/\/grayling.com\/de\/news-and-views\/bitton-glaab-neue-ceo-deutschland-fuer-grayling\/\",\"name\":\"Grayling ernennt Emmanuelle Bitton-Glaab als neue CEO Deutschland - Grayling\",\"isPartOf\":{\"@id\":\"https:\/\/grayling.com\/de\/#website\"},\"primaryImageOfPage\":{\"@id\":\"https:\/\/grayling.com\/de\/news-and-views\/bitton-glaab-neue-ceo-deutschland-fuer-grayling\/#primaryimage\"},\"image\":{\"@id\":\"https:\/\/grayling.com\/de\/news-and-views\/bitton-glaab-neue-ceo-deutschland-fuer-grayling\/#primaryimage\"},\"thumbnailUrl\":\"https:\/\/grayling.com\/wp-content\/uploads\/2024\/01\/Emmanuelle-Bitton-Glaab-CEO-Grayling_small.jpg\",\"datePublished\":\"2024-01-09T11:32:13+00:00\",\"description\":\"Grayling ernennt Emmanuelle Bitton-Glaab (54) zur neuen CEO Deutschland. Sie wird die strategische Entwicklung in Deutschland vorantreiben.\",\"breadcrumb\":{\"@id\":\"https:\/\/grayling.com\/de\/news-and-views\/bitton-glaab-neue-ceo-deutschland-fuer-grayling\/#breadcrumb\"},\"inLanguage\":\"de-DE\",\"potentialAction\":[{\"@type\":\"ReadAction\",\"target\":[\"https:\/\/grayling.com\/de\/news-and-views\/bitton-glaab-neue-ceo-deutschland-fuer-grayling\/\"]}]},{\"@type\":\"ImageObject\",\"inLanguage\":\"de-DE\",\"@id\":\"https:\/\/grayling.com\/de\/news-and-views\/bitton-glaab-neue-ceo-deutschland-fuer-grayling\/#primaryimage\",\"url\":\"https:\/\/grayling.com\/wp-content\/uploads\/2024\/01\/Emmanuelle-Bitton-Glaab-CEO-Grayling_small.jpg\",\"contentUrl\":\"https:\/\/grayling.com\/wp-content\/uploads\/2024\/01\/Emmanuelle-Bitton-Glaab-CEO-Grayling_small.jpg\",\"width\":1920,\"height\":1281,\"caption\":\"emmanuelle-bitton-glaab-ceo-grayling-deutschland\"},{\"@type\":\"BreadcrumbList\",\"@id\":\"https:\/\/grayling.com\/de\/news-and-views\/bitton-glaab-neue-ceo-deutschland-fuer-grayling\/#breadcrumb\",\"itemListElement\":[{\"@type\":\"ListItem\",\"position\":1,\"name\":\"Home\",\"item\":\"https:\/\/grayling.com\/de\/\"},{\"@type\":\"ListItem\",\"position\":2,\"name\":\"Grayling ernennt Emmanuelle Bitton-Glaab als neue CEO Deutschland\"}]},{\"@type\":\"WebSite\",\"@id\":\"https:\/\/grayling.com\/de\/#website\",\"url\":\"https:\/\/grayling.com\/de\/\",\"name\":\"Grayling\",\"description\":\"We create advantage\",\"publisher\":{\"@id\":\"https:\/\/grayling.com\/de\/#organization\"},\"potentialAction\":[{\"@type\":\"SearchAction\",\"target\":{\"@type\":\"EntryPoint\",\"urlTemplate\":\"https:\/\/grayling.com\/de\/?s={search_term_string}\"},\"query-input\":{\"@type\":\"PropertyValueSpecification\",\"valueRequired\":true,\"valueName\":\"search_term_string\"}}],\"inLanguage\":\"de-DE\"},{\"@type\":\"Organization\",\"@id\":\"https:\/\/grayling.com\/de\/#organization\",\"name\":\"Grayling\",\"url\":\"https:\/\/grayling.com\/de\/\",\"logo\":{\"@type\":\"ImageObject\",\"inLanguage\":\"de-DE\",\"@id\":\"https:\/\/grayling.com\/de\/#\/schema\/logo\/image\/\",\"url\":\"https:\/\/grayling.com\/wp-content\/uploads\/2020\/08\/logo.jpg\",\"contentUrl\":\"https:\/\/grayling.com\/wp-content\/uploads\/2020\/08\/logo.jpg\",\"width\":2009,\"height\":510,\"caption\":\"Grayling\"},\"image\":{\"@id\":\"https:\/\/grayling.com\/de\/#\/schema\/logo\/image\/\"}},{\"@type\":\"Person\",\"@id\":\"https:\/\/grayling.com\/de\/#\/schema\/person\/8d92e68163e38d0aaf1d6108c29fa7bc\",\"name\":\"Nadia Padayachy\",\"image\":{\"@type\":\"ImageObject\",\"inLanguage\":\"de-DE\",\"@id\":\"https:\/\/grayling.com\/de\/#\/schema\/person\/image\/\",\"url\":\"https:\/\/secure.gravatar.com\/avatar\/b4dfd9a5bfdf45beb4cd920f99facfa69778f4d8db33dc0edc9a2bb7b698fa02?s=96&d=mm&r=g\",\"contentUrl\":\"https:\/\/secure.gravatar.com\/avatar\/b4dfd9a5bfdf45beb4cd920f99facfa69778f4d8db33dc0edc9a2bb7b698fa02?s=96&d=mm&r=g\",\"caption\":\"Nadia Padayachy\"},\"url\":\"https:\/\/grayling.com\/de\/news-and-views\/author\/nadia\/\"}]}<\/script>\n<!-- \/ Yoast SEO plugin. -->","yoast_head_json":{"title":"Grayling ernennt Emmanuelle Bitton-Glaab als neue CEO Deutschland - Grayling","description":"Grayling ernennt Emmanuelle Bitton-Glaab (54) zur neuen CEO Deutschland. Sie wird die strategische Entwicklung in Deutschland vorantreiben.","robots":{"index":"index","follow":"follow","max-snippet":"max-snippet:-1","max-image-preview":"max-image-preview:large","max-video-preview":"max-video-preview:-1"},"canonical":"https:\/\/grayling.com\/de\/news-and-views\/bitton-glaab-neue-ceo-deutschland-fuer-grayling\/","og_locale":"de_DE","og_type":"article","og_title":"Grayling ernennt Emmanuelle Bitton-Glaab als neue CEO Deutschland - Grayling","og_description":"Grayling ernennt Emmanuelle Bitton-Glaab (54) zur neuen CEO Deutschland. Sie wird die strategische Entwicklung in Deutschland vorantreiben.","og_url":"https:\/\/grayling.com\/de\/news-and-views\/bitton-glaab-neue-ceo-deutschland-fuer-grayling\/","og_site_name":"Grayling","article_published_time":"2024-01-09T11:32:13+00:00","og_image":[{"width":1920,"height":1281,"url":"https:\/\/grayling.com\/wp-content\/uploads\/2024\/01\/Emmanuelle-Bitton-Glaab-CEO-Grayling_small.jpg","type":"image\/jpeg"}],"author":"Nadia Padayachy","twitter_card":"summary_large_image","twitter_misc":{"Verfasst von":"Nadia Padayachy","Gesch\u00e4tzte Lesezeit":"2 Minuten"},"schema":{"@context":"https:\/\/schema.org","@graph":[{"@type":"Article","@id":"https:\/\/grayling.com\/de\/news-and-views\/bitton-glaab-neue-ceo-deutschland-fuer-grayling\/#article","isPartOf":{"@id":"https:\/\/grayling.com\/de\/news-and-views\/bitton-glaab-neue-ceo-deutschland-fuer-grayling\/"},"author":{"name":"Nadia Padayachy","@id":"https:\/\/grayling.com\/de\/#\/schema\/person\/8d92e68163e38d0aaf1d6108c29fa7bc"},"headline":"Grayling ernennt Emmanuelle Bitton-Glaab als neue CEO Deutschland","datePublished":"2024-01-09T11:32:13+00:00","mainEntityOfPage":{"@id":"https:\/\/grayling.com\/de\/news-and-views\/bitton-glaab-neue-ceo-deutschland-fuer-grayling\/"},"wordCount":489,"publisher":{"@id":"https:\/\/grayling.com\/de\/#organization"},"image":{"@id":"https:\/\/grayling.com\/de\/news-and-views\/bitton-glaab-neue-ceo-deutschland-fuer-grayling\/#primaryimage"},"thumbnailUrl":"https:\/\/grayling.com\/wp-content\/uploads\/2024\/01\/Emmanuelle-Bitton-Glaab-CEO-Grayling_small.jpg","articleSection":["Neuigkeiten"],"inLanguage":"de-DE"},{"@type":"WebPage","@id":"https:\/\/grayling.com\/de\/news-and-views\/bitton-glaab-neue-ceo-deutschland-fuer-grayling\/","url":"https:\/\/grayling.com\/de\/news-and-views\/bitton-glaab-neue-ceo-deutschland-fuer-grayling\/","name":"Grayling ernennt Emmanuelle Bitton-Glaab als neue CEO Deutschland - Grayling","isPartOf":{"@id":"https:\/\/grayling.com\/de\/#website"},"primaryImageOfPage":{"@id":"https:\/\/grayling.com\/de\/news-and-views\/bitton-glaab-neue-ceo-deutschland-fuer-grayling\/#primaryimage"},"image":{"@id":"https:\/\/grayling.com\/de\/news-and-views\/bitton-glaab-neue-ceo-deutschland-fuer-grayling\/#primaryimage"},"thumbnailUrl":"https:\/\/grayling.com\/wp-content\/uploads\/2024\/01\/Emmanuelle-Bitton-Glaab-CEO-Grayling_small.jpg","datePublished":"2024-01-09T11:32:13+00:00","description":"Grayling ernennt Emmanuelle Bitton-Glaab (54) zur neuen CEO Deutschland. Sie wird die strategische Entwicklung in Deutschland vorantreiben.","breadcrumb":{"@id":"https:\/\/grayling.com\/de\/news-and-views\/bitton-glaab-neue-ceo-deutschland-fuer-grayling\/#breadcrumb"},"inLanguage":"de-DE","potentialAction":[{"@type":"ReadAction","target":["https:\/\/grayling.com\/de\/news-and-views\/bitton-glaab-neue-ceo-deutschland-fuer-grayling\/"]}]},{"@type":"ImageObject","inLanguage":"de-DE","@id":"https:\/\/grayling.com\/de\/news-and-views\/bitton-glaab-neue-ceo-deutschland-fuer-grayling\/#primaryimage","url":"https:\/\/grayling.com\/wp-content\/uploads\/2024\/01\/Emmanuelle-Bitton-Glaab-CEO-Grayling_small.jpg","contentUrl":"https:\/\/grayling.com\/wp-content\/uploads\/2024\/01\/Emmanuelle-Bitton-Glaab-CEO-Grayling_small.jpg","width":1920,"height":1281,"caption":"emmanuelle-bitton-glaab-ceo-grayling-deutschland"},{"@type":"BreadcrumbList","@id":"https:\/\/grayling.com\/de\/news-and-views\/bitton-glaab-neue-ceo-deutschland-fuer-grayling\/#breadcrumb","itemListElement":[{"@type":"ListItem","position":1,"name":"Home","item":"https:\/\/grayling.com\/de\/"},{"@type":"ListItem","position":2,"name":"Grayling ernennt Emmanuelle Bitton-Glaab als neue CEO Deutschland"}]},{"@type":"WebSite","@id":"https:\/\/grayling.com\/de\/#website","url":"https:\/\/grayling.com\/de\/","name":"Grayling","description":"We create advantage","publisher":{"@id":"https:\/\/grayling.com\/de\/#organization"},"potentialAction":[{"@type":"SearchAction","target":{"@type":"EntryPoint","urlTemplate":"https:\/\/grayling.com\/de\/?s={search_term_string}"},"query-input":{"@type":"PropertyValueSpecification","valueRequired":true,"valueName":"search_term_string"}}],"inLanguage":"de-DE"},{"@type":"Organization","@id":"https:\/\/grayling.com\/de\/#organization","name":"Grayling","url":"https:\/\/grayling.com\/de\/","logo":{"@type":"ImageObject","inLanguage":"de-DE","@id":"https:\/\/grayling.com\/de\/#\/schema\/logo\/image\/","url":"https:\/\/grayling.com\/wp-content\/uploads\/2020\/08\/logo.jpg","contentUrl":"https:\/\/grayling.com\/wp-content\/uploads\/2020\/08\/logo.jpg","width":2009,"height":510,"caption":"Grayling"},"image":{"@id":"https:\/\/grayling.com\/de\/#\/schema\/logo\/image\/"}},{"@type":"Person","@id":"https:\/\/grayling.com\/de\/#\/schema\/person\/8d92e68163e38d0aaf1d6108c29fa7bc","name":"Nadia Padayachy","image":{"@type":"ImageObject","inLanguage":"de-DE","@id":"https:\/\/grayling.com\/de\/#\/schema\/person\/image\/","url":"https:\/\/secure.gravatar.com\/avatar\/b4dfd9a5bfdf45beb4cd920f99facfa69778f4d8db33dc0edc9a2bb7b698fa02?s=96&d=mm&r=g","contentUrl":"https:\/\/secure.gravatar.com\/avatar\/b4dfd9a5bfdf45beb4cd920f99facfa69778f4d8db33dc0edc9a2bb7b698fa02?s=96&d=mm&r=g","caption":"Nadia Padayachy"},"url":"https:\/\/grayling.com\/de\/news-and-views\/author\/nadia\/"}]}},"_links":{"self":[{"href":"https:\/\/grayling.com\/de\/wp-json\/wp\/v2\/posts\/51856","targetHints":{"allow":["GET"]}}],"collection":[{"href":"https:\/\/grayling.com\/de\/wp-json\/wp\/v2\/posts"}],"about":[{"href":"https:\/\/grayling.com\/de\/wp-json\/wp\/v2\/types\/post"}],"author":[{"embeddable":true,"href":"https:\/\/grayling.com\/de\/wp-json\/wp\/v2\/users\/91"}],"replies":[{"embeddable":true,"href":"https:\/\/grayling.com\/de\/wp-json\/wp\/v2\/comments?post=51856"}],"version-history":[{"count":0,"href":"https:\/\/grayling.com\/de\/wp-json\/wp\/v2\/posts\/51856\/revisions"}],"wp:featuredmedia":[{"embeddable":true,"href":"https:\/\/grayling.com\/de\/wp-json\/wp\/v2\/media\/51857"}],"wp:attachment":[{"href":"https:\/\/grayling.com\/de\/wp-json\/wp\/v2\/media?parent=51856"}],"wp:term":[{"taxonomy":"category","embeddable":true,"href":"https:\/\/grayling.com\/de\/wp-json\/wp\/v2\/categories?post=51856"},{"taxonomy":"post_tag","embeddable":true,"href":"https:\/\/grayling.com\/de\/wp-json\/wp\/v2\/tags?post=51856"}],"curies":[{"name":"wp","href":"https:\/\/api.w.org\/{rel}","templated":true}]}}