{"id":47000,"date":"2021-10-19T14:27:10","date_gmt":"2021-10-19T13:27:10","guid":{"rendered":"https:\/\/grayling.com\/news-and-views\/grayling-austria-sticht-mit-belassi-in-internationale-gewaesser\/"},"modified":"2023-10-13T17:03:08","modified_gmt":"2023-10-13T16:03:08","slug":"grayling-austria-sticht-mit-belassi-in-internationale-gewaesser","status":"publish","type":"post","link":"https:\/\/grayling.com\/de\/news-and-views\/grayling-austria-sticht-mit-belassi-in-internationale-gewaesser\/","title":{"rendered":"Grayling Austria sticht mit Belassi in internationale Gew\u00e4sser"},"content":{"rendered":"<p><strong>Grayling Austria verantwortet ab sofort die internationale Medienarbeit des Personal-Hypercraft-Herstellers Belassi. Die Manufaktur aus \u00d6sterreich hat das Marine Hypercraft Burrasca, einen Supersportwagen f\u00fcrs Wasser, in den letzten Jahren entwickelt und vertraut beim globalen Markenaufbau auf die Expertise von \u00d6sterreichs f\u00fchrender internationaler PR-Agentur. Die Wiener Agentur mit gro\u00dfem internationalem Netzwerk und globaler Expertise agiert hier als strategischer Kommunikationspartner \u00fcber die Grenzen von \u00d6sterreich hinweg. <\/strong><\/p>\n<p>\u00d6sterreichische Ingenieurskunst gepaart mit italienischer Leidenschaft \u2013 so l\u00e4sst sich der Burrasca, das Marine Hypercraft von <a href=\"https:\/\/www.belassi.com\/\" target=\"_blank\" rel=\"noopener\">Belassi<\/a> in wenigen Worten beschreiben. Der Burrasca vereint die Vorteile eines Hochleistungs-Rennboots mit der Stabilit\u00e4t einer schwereren Bootsklasse. Vier Jahre Entwicklungsarbeit stecken im Burrasca, der in Handarbeit gefertigt wird und aus mehr als 2.000 hochwertigen Teilen besteht. Die 320 PS machen ihn zum ultimativen Racetool.<\/p>\n<p>Bei der Markteinf\u00fchrung sowie zur Steigerung der Bekanntheit setzt Belassi auf die Expertise von <a href=\"https:\/\/grayling.com\/de\/unsere-bueros\/wien\/\" target=\"_blank\" rel=\"noopener\">Grayling Austria<\/a>. Die Agentur aus der Wiener Siebensterngasse entwickelte ein ma\u00dfgeschneidertes Kommunikationspaket f\u00fcr den internationalen Markt. F\u00fcr die Gesamtkonzeption und Umsetzung zeichnet das Grayling-Kommunikations-Team rund um Managing Director Nicole Hall verantwortlich.<\/p>\n<p>\u201eDurch die Synergie von innovativer Technologie, au\u00dfergew\u00f6hnlichem Design und \u00a0in Verbindung mit authentischer Manufaktur-Kompetenz haben wir ein neues und konkurrenzloses Premiumsegment erschaffen. Um hier global und innerhalb der relevanten Zielgruppe die Bekanntheit zu steigern, fiel unsere Wahl auf die Kommunikationsagentur Grayling. Das internationale Netzwerk und die globale Kommunikations-Expertise machen Grayling zum optimalen Partner f\u00fcr uns\u201c, sagt <strong>Waldemar P\u00f6chhacker, Head of Marketing and Sales Belassi<\/strong>.<\/p>\n<p>\u201eVon \u00d6sterreich hinaus in die ganze Welt \u2013 das beschreibt nicht nur unsere t\u00e4gliche Arbeit mit einem starken globalen Netzwerk im R\u00fccken, sondern charakterisiert auch die Marke Belassi. Handmade in \u00d6sterreich sticht Belassi in internationale Gew\u00e4sser, um globalen Erfolg zu bringen. Das Vertrauen, das Belassi dabei in uns setzt, ist eine Best\u00e4tigung f\u00fcr unsere Kompetenz in Sachen globaler Markteinf\u00fchrung lokaler Marken\u201c, so <strong>Grayling CEO Sigrid Krupica<\/strong>.<\/p>\n<figure class=\"image-container\"><img loading=\"lazy\" decoding=\"async\" class=\"size-large wp-image-32855 alignnone\" src=\"https:\/\/grayling.com\/wp-content\/uploads\/2021\/10\/grayling_belassi_website-1110x762-1.jpg\" alt=\"\" width=\"1110\" height=\"762\" srcset=\"https:\/\/grayling.com\/wp-content\/uploads\/2021\/10\/grayling_belassi_website-1110x762-1.jpg 1110w, https:\/\/grayling.com\/wp-content\/uploads\/2021\/10\/grayling_belassi_website-437x300-1.jpg 437w, https:\/\/grayling.com\/wp-content\/uploads\/2021\/10\/grayling_belassi_website-768x527-1.jpg 768w, https:\/\/grayling.com\/wp-content\/uploads\/2021\/10\/grayling_belassi_website.jpg 1200w\" sizes=\"auto, (max-width: 1110px) 100vw, 1110px\" \/><\/figure>\n<p class=\"text-xsmall\">Sigrid Krupica (CEO Grayling), Waldemar P\u00f6chhacker (Head of Marketing and Sales Belassi) und Nicole Hall (Managing Director Grayling) machen das Marine Hypercraft Burrasca international bekannt.<br \/>\nFoto: \u00a9Grayling Austria<\/p>\n<p><strong>Credits:<\/strong><br \/>\n<strong>Kunde<\/strong>: Belassi<br \/>\nWaldemar P\u00f6chhacker, Head of Marketing and Sales, Belassi GmbH<\/p>\n<p>Agentur: Grayling Austria<br \/>\nNicole Hall, Managing Director<br \/>\nNina Sommerbauer, Account Manager<\/p>\n<p><strong>F\u00fcr R\u00fcckfragen<\/strong>: Berith Hagvaag, Grayling Austria, <a href=\"mailto:berith.hagvaag@grayling.com\" target=\"_blank\" rel=\"noopener\">berith.hagvaag@grayling.com<\/a>, 01 524 43 00-26<\/p>\n","protected":false},"excerpt":{"rendered":"Grayling Austria verantwortet ab sofort die internationale Medienarbeit des Personal-Hypercraft-Herstellers Belassi. Die Manufaktur aus \u00d6sterreich hat das Marine Hypercraft Burrasca, einen Supersportwagen f\u00fcrs Wasser, in den letzten Jahren entwickelt und vertraut beim globalen Markenaufbau auf die Expertise von \u00d6sterreichs f\u00fchrender internationaler PR-Agentur. Die Wiener Agentur mit gro\u00dfem internationalem Netzwerk und globaler Expertise agiert hier als&#8230;","protected":false},"author":5,"featured_media":45226,"comment_status":"closed","ping_status":"open","sticky":false,"template":"","format":"standard","meta":{"footnotes":""},"categories":[289],"tags":[],"class_list":["post-47000","post","type-post","status-publish","format-standard","has-post-thumbnail","hentry","category-neuigkeiten","Sector-consumer-pr-and-brand-communications-de"],"acf":[],"yoast_head":"<!-- This site is optimized with the Yoast SEO plugin v26.9 - https:\/\/yoast.com\/product\/yoast-seo-wordpress\/ -->\n<title>Grayling Austria sticht mit Belassi in internationale Gew\u00e4sser - Grayling<\/title>\n<meta name=\"robots\" content=\"index, follow, max-snippet:-1, max-image-preview:large, max-video-preview:-1\" \/>\n<link rel=\"canonical\" href=\"https:\/\/grayling.com\/de\/news-and-views\/grayling-austria-sticht-mit-belassi-in-internationale-gewaesser\/\" \/>\n<meta property=\"og:locale\" content=\"de_DE\" \/>\n<meta property=\"og:type\" content=\"article\" \/>\n<meta property=\"og:title\" content=\"Grayling Austria sticht mit Belassi in internationale Gew\u00e4sser - Grayling\" \/>\n<meta property=\"og:description\" content=\"Grayling Austria verantwortet ab sofort die internationale Medienarbeit des Personal-Hypercraft-Herstellers Belassi. Die Manufaktur aus \u00d6sterreich hat das Marine Hypercraft Burrasca, einen Supersportwagen f\u00fcrs Wasser, in den letzten Jahren entwickelt und vertraut beim globalen Markenaufbau auf die Expertise von \u00d6sterreichs f\u00fchrender internationaler PR-Agentur. Die Wiener Agentur mit gro\u00dfem internationalem Netzwerk und globaler Expertise agiert hier als...\" \/>\n<meta property=\"og:url\" content=\"https:\/\/grayling.com\/de\/news-and-views\/grayling-austria-sticht-mit-belassi-in-internationale-gewaesser\/\" \/>\n<meta property=\"og:site_name\" content=\"Grayling\" \/>\n<meta property=\"article:published_time\" content=\"2021-10-19T13:27:10+00:00\" \/>\n<meta property=\"article:modified_time\" content=\"2023-10-13T16:03:08+00:00\" \/>\n<meta property=\"og:image\" content=\"https:\/\/grayling.com\/wp-content\/uploads\/2023\/10\/belassi_1920x1080_copyright_belassi.jpg\" \/>\n\t<meta property=\"og:image:width\" content=\"1920\" \/>\n\t<meta property=\"og:image:height\" content=\"1080\" \/>\n\t<meta property=\"og:image:type\" content=\"image\/jpeg\" \/>\n<meta name=\"author\" content=\"Ayer Mehmet\" \/>\n<meta name=\"twitter:card\" content=\"summary_large_image\" \/>\n<meta name=\"twitter:label1\" content=\"Verfasst von\" \/>\n\t<meta name=\"twitter:data1\" content=\"Ayer Mehmet\" \/>\n\t<meta name=\"twitter:label2\" content=\"Gesch\u00e4tzte Lesezeit\" \/>\n\t<meta name=\"twitter:data2\" content=\"2 Minuten\" \/>\n<script type=\"application\/ld+json\" class=\"yoast-schema-graph\">{\"@context\":\"https:\/\/schema.org\",\"@graph\":[{\"@type\":\"Article\",\"@id\":\"https:\/\/grayling.com\/de\/news-and-views\/grayling-austria-sticht-mit-belassi-in-internationale-gewaesser\/#article\",\"isPartOf\":{\"@id\":\"https:\/\/grayling.com\/de\/news-and-views\/grayling-austria-sticht-mit-belassi-in-internationale-gewaesser\/\"},\"author\":{\"name\":\"Ayer Mehmet\",\"@id\":\"https:\/\/grayling.com\/de\/#\/schema\/person\/251e08a9ee207bed4560033529fa47ce\"},\"headline\":\"Grayling Austria sticht mit Belassi in internationale Gew\u00e4sser\",\"datePublished\":\"2021-10-19T13:27:10+00:00\",\"dateModified\":\"2023-10-13T16:03:08+00:00\",\"mainEntityOfPage\":{\"@id\":\"https:\/\/grayling.com\/de\/news-and-views\/grayling-austria-sticht-mit-belassi-in-internationale-gewaesser\/\"},\"wordCount\":389,\"publisher\":{\"@id\":\"https:\/\/grayling.com\/de\/#organization\"},\"image\":{\"@id\":\"https:\/\/grayling.com\/de\/news-and-views\/grayling-austria-sticht-mit-belassi-in-internationale-gewaesser\/#primaryimage\"},\"thumbnailUrl\":\"https:\/\/grayling.com\/wp-content\/uploads\/2023\/10\/belassi_1920x1080_copyright_belassi.jpg\",\"articleSection\":[\"Neuigkeiten\"],\"inLanguage\":\"de-DE\"},{\"@type\":\"WebPage\",\"@id\":\"https:\/\/grayling.com\/de\/news-and-views\/grayling-austria-sticht-mit-belassi-in-internationale-gewaesser\/\",\"url\":\"https:\/\/grayling.com\/de\/news-and-views\/grayling-austria-sticht-mit-belassi-in-internationale-gewaesser\/\",\"name\":\"Grayling Austria sticht mit Belassi in internationale Gew\u00e4sser - Grayling\",\"isPartOf\":{\"@id\":\"https:\/\/grayling.com\/de\/#website\"},\"primaryImageOfPage\":{\"@id\":\"https:\/\/grayling.com\/de\/news-and-views\/grayling-austria-sticht-mit-belassi-in-internationale-gewaesser\/#primaryimage\"},\"image\":{\"@id\":\"https:\/\/grayling.com\/de\/news-and-views\/grayling-austria-sticht-mit-belassi-in-internationale-gewaesser\/#primaryimage\"},\"thumbnailUrl\":\"https:\/\/grayling.com\/wp-content\/uploads\/2023\/10\/belassi_1920x1080_copyright_belassi.jpg\",\"datePublished\":\"2021-10-19T13:27:10+00:00\",\"dateModified\":\"2023-10-13T16:03:08+00:00\",\"breadcrumb\":{\"@id\":\"https:\/\/grayling.com\/de\/news-and-views\/grayling-austria-sticht-mit-belassi-in-internationale-gewaesser\/#breadcrumb\"},\"inLanguage\":\"de-DE\",\"potentialAction\":[{\"@type\":\"ReadAction\",\"target\":[\"https:\/\/grayling.com\/de\/news-and-views\/grayling-austria-sticht-mit-belassi-in-internationale-gewaesser\/\"]}]},{\"@type\":\"ImageObject\",\"inLanguage\":\"de-DE\",\"@id\":\"https:\/\/grayling.com\/de\/news-and-views\/grayling-austria-sticht-mit-belassi-in-internationale-gewaesser\/#primaryimage\",\"url\":\"https:\/\/grayling.com\/wp-content\/uploads\/2023\/10\/belassi_1920x1080_copyright_belassi.jpg\",\"contentUrl\":\"https:\/\/grayling.com\/wp-content\/uploads\/2023\/10\/belassi_1920x1080_copyright_belassi.jpg\",\"width\":1920,\"height\":1080},{\"@type\":\"BreadcrumbList\",\"@id\":\"https:\/\/grayling.com\/de\/news-and-views\/grayling-austria-sticht-mit-belassi-in-internationale-gewaesser\/#breadcrumb\",\"itemListElement\":[{\"@type\":\"ListItem\",\"position\":1,\"name\":\"Home\",\"item\":\"https:\/\/grayling.com\/de\/\"},{\"@type\":\"ListItem\",\"position\":2,\"name\":\"Grayling Austria sticht mit Belassi in internationale Gew\u00e4sser\"}]},{\"@type\":\"WebSite\",\"@id\":\"https:\/\/grayling.com\/de\/#website\",\"url\":\"https:\/\/grayling.com\/de\/\",\"name\":\"Grayling\",\"description\":\"We create advantage\",\"publisher\":{\"@id\":\"https:\/\/grayling.com\/de\/#organization\"},\"potentialAction\":[{\"@type\":\"SearchAction\",\"target\":{\"@type\":\"EntryPoint\",\"urlTemplate\":\"https:\/\/grayling.com\/de\/?s={search_term_string}\"},\"query-input\":{\"@type\":\"PropertyValueSpecification\",\"valueRequired\":true,\"valueName\":\"search_term_string\"}}],\"inLanguage\":\"de-DE\"},{\"@type\":\"Organization\",\"@id\":\"https:\/\/grayling.com\/de\/#organization\",\"name\":\"Grayling\",\"url\":\"https:\/\/grayling.com\/de\/\",\"logo\":{\"@type\":\"ImageObject\",\"inLanguage\":\"de-DE\",\"@id\":\"https:\/\/grayling.com\/de\/#\/schema\/logo\/image\/\",\"url\":\"https:\/\/grayling.com\/wp-content\/uploads\/2020\/08\/logo.jpg\",\"contentUrl\":\"https:\/\/grayling.com\/wp-content\/uploads\/2020\/08\/logo.jpg\",\"width\":2009,\"height\":510,\"caption\":\"Grayling\"},\"image\":{\"@id\":\"https:\/\/grayling.com\/de\/#\/schema\/logo\/image\/\"}},{\"@type\":\"Person\",\"@id\":\"https:\/\/grayling.com\/de\/#\/schema\/person\/251e08a9ee207bed4560033529fa47ce\",\"name\":\"Ayer Mehmet\",\"image\":{\"@type\":\"ImageObject\",\"inLanguage\":\"de-DE\",\"@id\":\"https:\/\/grayling.com\/de\/#\/schema\/person\/image\/\",\"url\":\"https:\/\/secure.gravatar.com\/avatar\/dfe275d9acede3df4c4453ea89cc4a8af78c99dc409fe1e6407c482a329cbaaf?s=96&d=mm&r=g\",\"contentUrl\":\"https:\/\/secure.gravatar.com\/avatar\/dfe275d9acede3df4c4453ea89cc4a8af78c99dc409fe1e6407c482a329cbaaf?s=96&d=mm&r=g\",\"caption\":\"Ayer Mehmet\"},\"url\":\"https:\/\/grayling.com\/de\/news-and-views\/author\/ayer-mehmetgrayling-com\/\"}]}<\/script>\n<!-- \/ Yoast SEO plugin. -->","yoast_head_json":{"title":"Grayling Austria sticht mit Belassi in internationale Gew\u00e4sser - Grayling","robots":{"index":"index","follow":"follow","max-snippet":"max-snippet:-1","max-image-preview":"max-image-preview:large","max-video-preview":"max-video-preview:-1"},"canonical":"https:\/\/grayling.com\/de\/news-and-views\/grayling-austria-sticht-mit-belassi-in-internationale-gewaesser\/","og_locale":"de_DE","og_type":"article","og_title":"Grayling Austria sticht mit Belassi in internationale Gew\u00e4sser - Grayling","og_description":"Grayling Austria verantwortet ab sofort die internationale Medienarbeit des Personal-Hypercraft-Herstellers Belassi. Die Manufaktur aus \u00d6sterreich hat das Marine Hypercraft Burrasca, einen Supersportwagen f\u00fcrs Wasser, in den letzten Jahren entwickelt und vertraut beim globalen Markenaufbau auf die Expertise von \u00d6sterreichs f\u00fchrender internationaler PR-Agentur. Die Wiener Agentur mit gro\u00dfem internationalem Netzwerk und globaler Expertise agiert hier als...","og_url":"https:\/\/grayling.com\/de\/news-and-views\/grayling-austria-sticht-mit-belassi-in-internationale-gewaesser\/","og_site_name":"Grayling","article_published_time":"2021-10-19T13:27:10+00:00","article_modified_time":"2023-10-13T16:03:08+00:00","og_image":[{"width":1920,"height":1080,"url":"https:\/\/grayling.com\/wp-content\/uploads\/2023\/10\/belassi_1920x1080_copyright_belassi.jpg","type":"image\/jpeg"}],"author":"Ayer Mehmet","twitter_card":"summary_large_image","twitter_misc":{"Verfasst von":"Ayer Mehmet","Gesch\u00e4tzte Lesezeit":"2 Minuten"},"schema":{"@context":"https:\/\/schema.org","@graph":[{"@type":"Article","@id":"https:\/\/grayling.com\/de\/news-and-views\/grayling-austria-sticht-mit-belassi-in-internationale-gewaesser\/#article","isPartOf":{"@id":"https:\/\/grayling.com\/de\/news-and-views\/grayling-austria-sticht-mit-belassi-in-internationale-gewaesser\/"},"author":{"name":"Ayer Mehmet","@id":"https:\/\/grayling.com\/de\/#\/schema\/person\/251e08a9ee207bed4560033529fa47ce"},"headline":"Grayling Austria sticht mit Belassi in internationale Gew\u00e4sser","datePublished":"2021-10-19T13:27:10+00:00","dateModified":"2023-10-13T16:03:08+00:00","mainEntityOfPage":{"@id":"https:\/\/grayling.com\/de\/news-and-views\/grayling-austria-sticht-mit-belassi-in-internationale-gewaesser\/"},"wordCount":389,"publisher":{"@id":"https:\/\/grayling.com\/de\/#organization"},"image":{"@id":"https:\/\/grayling.com\/de\/news-and-views\/grayling-austria-sticht-mit-belassi-in-internationale-gewaesser\/#primaryimage"},"thumbnailUrl":"https:\/\/grayling.com\/wp-content\/uploads\/2023\/10\/belassi_1920x1080_copyright_belassi.jpg","articleSection":["Neuigkeiten"],"inLanguage":"de-DE"},{"@type":"WebPage","@id":"https:\/\/grayling.com\/de\/news-and-views\/grayling-austria-sticht-mit-belassi-in-internationale-gewaesser\/","url":"https:\/\/grayling.com\/de\/news-and-views\/grayling-austria-sticht-mit-belassi-in-internationale-gewaesser\/","name":"Grayling Austria sticht mit Belassi in internationale Gew\u00e4sser - Grayling","isPartOf":{"@id":"https:\/\/grayling.com\/de\/#website"},"primaryImageOfPage":{"@id":"https:\/\/grayling.com\/de\/news-and-views\/grayling-austria-sticht-mit-belassi-in-internationale-gewaesser\/#primaryimage"},"image":{"@id":"https:\/\/grayling.com\/de\/news-and-views\/grayling-austria-sticht-mit-belassi-in-internationale-gewaesser\/#primaryimage"},"thumbnailUrl":"https:\/\/grayling.com\/wp-content\/uploads\/2023\/10\/belassi_1920x1080_copyright_belassi.jpg","datePublished":"2021-10-19T13:27:10+00:00","dateModified":"2023-10-13T16:03:08+00:00","breadcrumb":{"@id":"https:\/\/grayling.com\/de\/news-and-views\/grayling-austria-sticht-mit-belassi-in-internationale-gewaesser\/#breadcrumb"},"inLanguage":"de-DE","potentialAction":[{"@type":"ReadAction","target":["https:\/\/grayling.com\/de\/news-and-views\/grayling-austria-sticht-mit-belassi-in-internationale-gewaesser\/"]}]},{"@type":"ImageObject","inLanguage":"de-DE","@id":"https:\/\/grayling.com\/de\/news-and-views\/grayling-austria-sticht-mit-belassi-in-internationale-gewaesser\/#primaryimage","url":"https:\/\/grayling.com\/wp-content\/uploads\/2023\/10\/belassi_1920x1080_copyright_belassi.jpg","contentUrl":"https:\/\/grayling.com\/wp-content\/uploads\/2023\/10\/belassi_1920x1080_copyright_belassi.jpg","width":1920,"height":1080},{"@type":"BreadcrumbList","@id":"https:\/\/grayling.com\/de\/news-and-views\/grayling-austria-sticht-mit-belassi-in-internationale-gewaesser\/#breadcrumb","itemListElement":[{"@type":"ListItem","position":1,"name":"Home","item":"https:\/\/grayling.com\/de\/"},{"@type":"ListItem","position":2,"name":"Grayling Austria sticht mit Belassi in internationale Gew\u00e4sser"}]},{"@type":"WebSite","@id":"https:\/\/grayling.com\/de\/#website","url":"https:\/\/grayling.com\/de\/","name":"Grayling","description":"We create advantage","publisher":{"@id":"https:\/\/grayling.com\/de\/#organization"},"potentialAction":[{"@type":"SearchAction","target":{"@type":"EntryPoint","urlTemplate":"https:\/\/grayling.com\/de\/?s={search_term_string}"},"query-input":{"@type":"PropertyValueSpecification","valueRequired":true,"valueName":"search_term_string"}}],"inLanguage":"de-DE"},{"@type":"Organization","@id":"https:\/\/grayling.com\/de\/#organization","name":"Grayling","url":"https:\/\/grayling.com\/de\/","logo":{"@type":"ImageObject","inLanguage":"de-DE","@id":"https:\/\/grayling.com\/de\/#\/schema\/logo\/image\/","url":"https:\/\/grayling.com\/wp-content\/uploads\/2020\/08\/logo.jpg","contentUrl":"https:\/\/grayling.com\/wp-content\/uploads\/2020\/08\/logo.jpg","width":2009,"height":510,"caption":"Grayling"},"image":{"@id":"https:\/\/grayling.com\/de\/#\/schema\/logo\/image\/"}},{"@type":"Person","@id":"https:\/\/grayling.com\/de\/#\/schema\/person\/251e08a9ee207bed4560033529fa47ce","name":"Ayer Mehmet","image":{"@type":"ImageObject","inLanguage":"de-DE","@id":"https:\/\/grayling.com\/de\/#\/schema\/person\/image\/","url":"https:\/\/secure.gravatar.com\/avatar\/dfe275d9acede3df4c4453ea89cc4a8af78c99dc409fe1e6407c482a329cbaaf?s=96&d=mm&r=g","contentUrl":"https:\/\/secure.gravatar.com\/avatar\/dfe275d9acede3df4c4453ea89cc4a8af78c99dc409fe1e6407c482a329cbaaf?s=96&d=mm&r=g","caption":"Ayer Mehmet"},"url":"https:\/\/grayling.com\/de\/news-and-views\/author\/ayer-mehmetgrayling-com\/"}]}},"_links":{"self":[{"href":"https:\/\/grayling.com\/de\/wp-json\/wp\/v2\/posts\/47000","targetHints":{"allow":["GET"]}}],"collection":[{"href":"https:\/\/grayling.com\/de\/wp-json\/wp\/v2\/posts"}],"about":[{"href":"https:\/\/grayling.com\/de\/wp-json\/wp\/v2\/types\/post"}],"author":[{"embeddable":true,"href":"https:\/\/grayling.com\/de\/wp-json\/wp\/v2\/users\/5"}],"replies":[{"embeddable":true,"href":"https:\/\/grayling.com\/de\/wp-json\/wp\/v2\/comments?post=47000"}],"version-history":[{"count":0,"href":"https:\/\/grayling.com\/de\/wp-json\/wp\/v2\/posts\/47000\/revisions"}],"wp:featuredmedia":[{"embeddable":true,"href":"https:\/\/grayling.com\/de\/wp-json\/wp\/v2\/media\/45226"}],"wp:attachment":[{"href":"https:\/\/grayling.com\/de\/wp-json\/wp\/v2\/media?parent=47000"}],"wp:term":[{"taxonomy":"category","embeddable":true,"href":"https:\/\/grayling.com\/de\/wp-json\/wp\/v2\/categories?post=47000"},{"taxonomy":"post_tag","embeddable":true,"href":"https:\/\/grayling.com\/de\/wp-json\/wp\/v2\/tags?post=47000"}],"curies":[{"name":"wp","href":"https:\/\/api.w.org\/{rel}","templated":true}]}}