{"id":46984,"date":"2020-11-19T14:27:10","date_gmt":"2020-11-19T14:27:10","guid":{"rendered":"https:\/\/grayling.com\/news-and-views\/auto-abo-vibe-gibt-mit-grayling-vollelektrisch-gas\/"},"modified":"2023-10-13T16:49:56","modified_gmt":"2023-10-13T15:49:56","slug":"auto-abo-vibe-gibt-mit-grayling-vollelektrisch-gas","status":"publish","type":"post","link":"https:\/\/grayling.com\/de\/news-and-views\/auto-abo-vibe-gibt-mit-grayling-vollelektrisch-gas\/","title":{"rendered":"Auto-Abo vibe gibt mit Grayling vollelektrisch Gas"},"content":{"rendered":"<p><strong>Sorgenfreies Fahren mit E-Autos zum monatlichen Fixpreis \u2013 vibe mit seinem vollelektrischen Auto-Abo macht\u2019s m\u00f6glich. Seit 2019 am Markt, \u00fcberzeugt das junge Mobilit\u00e4tsunternehmen sowohl Firmenkunden als auch Private mit maximaler Flexibilit\u00e4t: Nach sechs Monaten kann man sein E-Auto einfach wechseln oder zur\u00fcckgeben. F\u00fcr innovative Medienarbeit sorgt Grayling, \u00d6sterreichs Nr.1 in der Kommunikationsberatung.<\/strong><\/p>\n<p>Von Tesla \u00fcber VW bis hin zu Smart \u2013 immer mehr Menschen in \u00d6sterreich packt das E-Auto-Fieber. F\u00fcr viele sind aber das Aufladen und die Reichweite im Vergleich zum klassischen Verbrennungsmotor-Auto noch abschreckend. Eine \u00fcberzeugende Alternative bietet nun <a href=\"https:\/\/vibemovesyou.com\/\" target=\"_blank\" rel=\"noopener noreferrer\"><strong>vibe<\/strong><\/a> mit seinem vollelektrischen Auto-Abo und seiner Flotte der neuesten E-Auto-Modelle, die sich sehen lassen kann: von Audi, BMW, Mercedes-Benz \u00fcber Tesla, VW, Mini, Opel, Smart zu Peugeot, Renault, Kia, Hyundai und Polestar sind alle f\u00fchrenden Hersteller dabei.<\/p>\n<p>Das vollelektrische Auto-Abo startete Anfang 2019 erstmals in \u00d6sterreich und sch\u00f6pft seine Expertise aus dem heimischen Dienstleistungs-Sektor mit Gr\u00fcnder*innen wie der Entrepreneurin Lisa Ittner, den (E-)Mobilit\u00e4tsexperten und Unternehmern Daniel Hammerl und Christian Clerici, der Blaguss BeteiligungsgmbH, Michael Chalupa, Markus Handler sowie Friedrich Neubrand und Nikolaus Norman. Ziel von <strong>vibe<\/strong> ist es, Menschen europaweit den Umstieg auf klimaschonende Mobilit\u00e4tsl\u00f6sungen zu erleichtern. F\u00fcr die erste Testphase setzte das junge Unternehmen auf \u00d6sterreich als Einstiegsmarkt. Durch den Fokus auf E-Mobilit\u00e4t spielten Standortvorteile wie beispielsweise der Wegfall von Produktionszentralen von Autoherstellern, der starke Ausbau der Ladeinfrastrukturen und die Spitzenreiterrolle im EU-Vergleich mit dem zweith\u00f6chsten Anteil an erneuerbaren Energien eine wichtige Rolle f\u00fcr <strong>vibe<\/strong>. Die internationale Agenturgruppe Grayling begleitet <strong>vibe<\/strong> von Wien aus beim Launch und entwickelt innovative Story-Formate f\u00fcr den wirkungsvollen PR-Outreach.<\/p>\n<p>\u201e<strong>vibe<\/strong> ist das einzige hersteller\u00fcbergreifende und vollelektrische Auto-Abo am Markt mit einem echten all-inclusive Angebot. Das Abo bietet f\u00fcr jedes Bed\u00fcrfnis ein E-Auto, das man f\u00fcr 6 Monate einfach ausprobieren kann. Von Versicherung, Reifen, Wartung, Vignette \u00fcber Ladestrom bis hin zu einem fairen Kilometer-Paket &#8211; ohne versteckte Kosten und ohne lange Bindung. Mit diesem USP wollen wir den B2C- und B2B-Markt erobern\u201c, sagt <strong>Lisa Ittner, Co-Gr\u00fcnderin von vibe<\/strong>. \u201eMit dem Team von Grayling haben wir nicht nur eine professionelle, gut vernetzte und international erfahrene PR-Agentur gefunden, sondern vor allem ein Team, das sich dem Wandel ebenso wertsch\u00e4tzend verpflichtet f\u00fchlt wie wir bei <strong>vibe<\/strong>\u201c, so Lisa Ittner.<\/p>\n<p>\u201eE-Mobilit\u00e4t kommt zunehmend in Fahrt und \u00fcberzeugt weltweit immer mehr Menschen und Unternehmen. <strong>vibe<\/strong> versteht das Prinzip `Nutzen statt Besitzen\u00b4 und bietet eine attraktive Alternative zum eigenen Auto. Das entspricht nicht nur dem aktuellen Zeitgeist, sondern passt auch perfekt zu unserer innovativen Industrie- und Mobilit\u00e4ts-Unit, geleitet von Unit Director Moritz Arnold\u201c, freut sich <strong>Sigrid Krupica, CEO Grayling Austria<\/strong>, \u00fcber den <strong>vibe<\/strong> Etat-Gewinn.<\/p>\n<p><strong>Credits<\/strong><br \/>\nKunde: <strong>vibe moves you<\/strong><br \/>\n<strong>Lisa Ittner<\/strong>, Co-Gr\u00fcnderin, <strong>vibe<\/strong><\/p>\n<p><strong>Grayling<\/strong><br \/>\n<strong>Moritz Arnold<\/strong>, Unit Director, Grayling Austria<br \/>\n<strong>Kilian v. Dallwitz<\/strong>, Senior Consultant, Grayling Austria<br \/>\n<strong>Christina Trapl<\/strong>, Senior Consultant und Public Affairs Expert, Grayling Austria<\/p>\n<p><strong>Foto\u00a0<\/strong><br \/>\n(v.l.): Lisa Ittner (Co-Gr\u00fcnderin vibe) setzt in der lokalen und internationalen Kommunikation auf die Kompetenz von Sigrid Krupica (CEO Grayling Austria) und ihr Team.<br \/>\n<span style=\"font-size: 17px;\">\u00a9Grayling\/Foto Frank Helmrich<\/span><\/p>\n<p>&nbsp;<\/p>\n<p><strong>F\u00fcr R\u00fcckfragen<\/strong><br \/>\nBerith Hagvaag<br \/>\nSenior Consultant \/ Head of Marketing, Grayling Austria<br \/>\n<a href=\"mailto:berith.hagvaag@grayling.com\" target=\"_blank\" rel=\"noopener noreferrer\">berith.hagvaag@grayling.com<\/a><\/p>\n","protected":false},"excerpt":{"rendered":"Sorgenfreies Fahren mit E-Autos zum monatlichen Fixpreis \u2013 vibe mit seinem vollelektrischen Auto-Abo macht\u2019s m\u00f6glich. Seit 2019 am Markt, \u00fcberzeugt das junge Mobilit\u00e4tsunternehmen sowohl Firmenkunden als auch Private mit maximaler Flexibilit\u00e4t: Nach sechs Monaten kann man sein E-Auto einfach wechseln oder zur\u00fcckgeben. F\u00fcr innovative Medienarbeit sorgt Grayling, \u00d6sterreichs Nr.1 in der Kommunikationsberatung. Von Tesla \u00fcber&#8230;","protected":false},"author":5,"featured_media":44448,"comment_status":"closed","ping_status":"open","sticky":false,"template":"","format":"standard","meta":{"footnotes":""},"categories":[289],"tags":[],"class_list":["post-46984","post","type-post","status-publish","format-standard","has-post-thumbnail","hentry","category-neuigkeiten"],"acf":[],"yoast_head":"<!-- This site is optimized with the Yoast SEO plugin v26.9 - https:\/\/yoast.com\/product\/yoast-seo-wordpress\/ -->\n<title>Auto-Abo vibe gibt mit Grayling vollelektrisch Gas - Grayling<\/title>\n<meta name=\"robots\" content=\"index, follow, max-snippet:-1, max-image-preview:large, max-video-preview:-1\" \/>\n<link rel=\"canonical\" href=\"https:\/\/grayling.com\/de\/news-and-views\/auto-abo-vibe-gibt-mit-grayling-vollelektrisch-gas\/\" \/>\n<meta property=\"og:locale\" content=\"de_DE\" \/>\n<meta property=\"og:type\" content=\"article\" \/>\n<meta property=\"og:title\" content=\"Auto-Abo vibe gibt mit Grayling vollelektrisch Gas - Grayling\" \/>\n<meta property=\"og:description\" content=\"Sorgenfreies Fahren mit E-Autos zum monatlichen Fixpreis \u2013 vibe mit seinem vollelektrischen Auto-Abo macht\u2019s m\u00f6glich. Seit 2019 am Markt, \u00fcberzeugt das junge Mobilit\u00e4tsunternehmen sowohl Firmenkunden als auch Private mit maximaler Flexibilit\u00e4t: Nach sechs Monaten kann man sein E-Auto einfach wechseln oder zur\u00fcckgeben. F\u00fcr innovative Medienarbeit sorgt Grayling, \u00d6sterreichs Nr.1 in der Kommunikationsberatung. Von Tesla \u00fcber...\" \/>\n<meta property=\"og:url\" content=\"https:\/\/grayling.com\/de\/news-and-views\/auto-abo-vibe-gibt-mit-grayling-vollelektrisch-gas\/\" \/>\n<meta property=\"og:site_name\" content=\"Grayling\" \/>\n<meta property=\"article:published_time\" content=\"2020-11-19T14:27:10+00:00\" \/>\n<meta property=\"article:modified_time\" content=\"2023-10-13T15:49:56+00:00\" \/>\n<meta property=\"og:image\" content=\"https:\/\/grayling.com\/wp-content\/uploads\/2023\/10\/vibe-grayling_foto_frank_helmrich_1920x1080.jpg\" \/>\n\t<meta property=\"og:image:width\" content=\"1920\" \/>\n\t<meta property=\"og:image:height\" content=\"1080\" \/>\n\t<meta property=\"og:image:type\" content=\"image\/jpeg\" \/>\n<meta name=\"author\" content=\"Ayer Mehmet\" \/>\n<meta name=\"twitter:card\" content=\"summary_large_image\" \/>\n<meta name=\"twitter:label1\" content=\"Verfasst von\" \/>\n\t<meta name=\"twitter:data1\" content=\"Ayer Mehmet\" \/>\n\t<meta name=\"twitter:label2\" content=\"Gesch\u00e4tzte Lesezeit\" \/>\n\t<meta name=\"twitter:data2\" content=\"3 Minuten\" \/>\n<script type=\"application\/ld+json\" class=\"yoast-schema-graph\">{\"@context\":\"https:\/\/schema.org\",\"@graph\":[{\"@type\":\"Article\",\"@id\":\"https:\/\/grayling.com\/de\/news-and-views\/auto-abo-vibe-gibt-mit-grayling-vollelektrisch-gas\/#article\",\"isPartOf\":{\"@id\":\"https:\/\/grayling.com\/de\/news-and-views\/auto-abo-vibe-gibt-mit-grayling-vollelektrisch-gas\/\"},\"author\":{\"name\":\"Ayer Mehmet\",\"@id\":\"https:\/\/grayling.com\/de\/#\/schema\/person\/251e08a9ee207bed4560033529fa47ce\"},\"headline\":\"Auto-Abo vibe gibt mit Grayling vollelektrisch Gas\",\"datePublished\":\"2020-11-19T14:27:10+00:00\",\"dateModified\":\"2023-10-13T15:49:56+00:00\",\"mainEntityOfPage\":{\"@id\":\"https:\/\/grayling.com\/de\/news-and-views\/auto-abo-vibe-gibt-mit-grayling-vollelektrisch-gas\/\"},\"wordCount\":540,\"publisher\":{\"@id\":\"https:\/\/grayling.com\/de\/#organization\"},\"image\":{\"@id\":\"https:\/\/grayling.com\/de\/news-and-views\/auto-abo-vibe-gibt-mit-grayling-vollelektrisch-gas\/#primaryimage\"},\"thumbnailUrl\":\"https:\/\/grayling.com\/wp-content\/uploads\/2023\/10\/vibe-grayling_foto_frank_helmrich_1920x1080.jpg\",\"articleSection\":[\"Neuigkeiten\"],\"inLanguage\":\"de-DE\"},{\"@type\":\"WebPage\",\"@id\":\"https:\/\/grayling.com\/de\/news-and-views\/auto-abo-vibe-gibt-mit-grayling-vollelektrisch-gas\/\",\"url\":\"https:\/\/grayling.com\/de\/news-and-views\/auto-abo-vibe-gibt-mit-grayling-vollelektrisch-gas\/\",\"name\":\"Auto-Abo vibe gibt mit Grayling vollelektrisch Gas - Grayling\",\"isPartOf\":{\"@id\":\"https:\/\/grayling.com\/de\/#website\"},\"primaryImageOfPage\":{\"@id\":\"https:\/\/grayling.com\/de\/news-and-views\/auto-abo-vibe-gibt-mit-grayling-vollelektrisch-gas\/#primaryimage\"},\"image\":{\"@id\":\"https:\/\/grayling.com\/de\/news-and-views\/auto-abo-vibe-gibt-mit-grayling-vollelektrisch-gas\/#primaryimage\"},\"thumbnailUrl\":\"https:\/\/grayling.com\/wp-content\/uploads\/2023\/10\/vibe-grayling_foto_frank_helmrich_1920x1080.jpg\",\"datePublished\":\"2020-11-19T14:27:10+00:00\",\"dateModified\":\"2023-10-13T15:49:56+00:00\",\"breadcrumb\":{\"@id\":\"https:\/\/grayling.com\/de\/news-and-views\/auto-abo-vibe-gibt-mit-grayling-vollelektrisch-gas\/#breadcrumb\"},\"inLanguage\":\"de-DE\",\"potentialAction\":[{\"@type\":\"ReadAction\",\"target\":[\"https:\/\/grayling.com\/de\/news-and-views\/auto-abo-vibe-gibt-mit-grayling-vollelektrisch-gas\/\"]}]},{\"@type\":\"ImageObject\",\"inLanguage\":\"de-DE\",\"@id\":\"https:\/\/grayling.com\/de\/news-and-views\/auto-abo-vibe-gibt-mit-grayling-vollelektrisch-gas\/#primaryimage\",\"url\":\"https:\/\/grayling.com\/wp-content\/uploads\/2023\/10\/vibe-grayling_foto_frank_helmrich_1920x1080.jpg\",\"contentUrl\":\"https:\/\/grayling.com\/wp-content\/uploads\/2023\/10\/vibe-grayling_foto_frank_helmrich_1920x1080.jpg\",\"width\":1920,\"height\":1080},{\"@type\":\"BreadcrumbList\",\"@id\":\"https:\/\/grayling.com\/de\/news-and-views\/auto-abo-vibe-gibt-mit-grayling-vollelektrisch-gas\/#breadcrumb\",\"itemListElement\":[{\"@type\":\"ListItem\",\"position\":1,\"name\":\"Home\",\"item\":\"https:\/\/grayling.com\/de\/\"},{\"@type\":\"ListItem\",\"position\":2,\"name\":\"Auto-Abo vibe gibt mit Grayling vollelektrisch Gas\"}]},{\"@type\":\"WebSite\",\"@id\":\"https:\/\/grayling.com\/de\/#website\",\"url\":\"https:\/\/grayling.com\/de\/\",\"name\":\"Grayling\",\"description\":\"We create advantage\",\"publisher\":{\"@id\":\"https:\/\/grayling.com\/de\/#organization\"},\"potentialAction\":[{\"@type\":\"SearchAction\",\"target\":{\"@type\":\"EntryPoint\",\"urlTemplate\":\"https:\/\/grayling.com\/de\/?s={search_term_string}\"},\"query-input\":{\"@type\":\"PropertyValueSpecification\",\"valueRequired\":true,\"valueName\":\"search_term_string\"}}],\"inLanguage\":\"de-DE\"},{\"@type\":\"Organization\",\"@id\":\"https:\/\/grayling.com\/de\/#organization\",\"name\":\"Grayling\",\"url\":\"https:\/\/grayling.com\/de\/\",\"logo\":{\"@type\":\"ImageObject\",\"inLanguage\":\"de-DE\",\"@id\":\"https:\/\/grayling.com\/de\/#\/schema\/logo\/image\/\",\"url\":\"https:\/\/grayling.com\/wp-content\/uploads\/2020\/08\/logo.jpg\",\"contentUrl\":\"https:\/\/grayling.com\/wp-content\/uploads\/2020\/08\/logo.jpg\",\"width\":2009,\"height\":510,\"caption\":\"Grayling\"},\"image\":{\"@id\":\"https:\/\/grayling.com\/de\/#\/schema\/logo\/image\/\"}},{\"@type\":\"Person\",\"@id\":\"https:\/\/grayling.com\/de\/#\/schema\/person\/251e08a9ee207bed4560033529fa47ce\",\"name\":\"Ayer Mehmet\",\"image\":{\"@type\":\"ImageObject\",\"inLanguage\":\"de-DE\",\"@id\":\"https:\/\/grayling.com\/de\/#\/schema\/person\/image\/\",\"url\":\"https:\/\/secure.gravatar.com\/avatar\/dfe275d9acede3df4c4453ea89cc4a8af78c99dc409fe1e6407c482a329cbaaf?s=96&d=mm&r=g\",\"contentUrl\":\"https:\/\/secure.gravatar.com\/avatar\/dfe275d9acede3df4c4453ea89cc4a8af78c99dc409fe1e6407c482a329cbaaf?s=96&d=mm&r=g\",\"caption\":\"Ayer Mehmet\"},\"url\":\"https:\/\/grayling.com\/de\/news-and-views\/author\/ayer-mehmetgrayling-com\/\"}]}<\/script>\n<!-- \/ Yoast SEO plugin. -->","yoast_head_json":{"title":"Auto-Abo vibe gibt mit Grayling vollelektrisch Gas - Grayling","robots":{"index":"index","follow":"follow","max-snippet":"max-snippet:-1","max-image-preview":"max-image-preview:large","max-video-preview":"max-video-preview:-1"},"canonical":"https:\/\/grayling.com\/de\/news-and-views\/auto-abo-vibe-gibt-mit-grayling-vollelektrisch-gas\/","og_locale":"de_DE","og_type":"article","og_title":"Auto-Abo vibe gibt mit Grayling vollelektrisch Gas - Grayling","og_description":"Sorgenfreies Fahren mit E-Autos zum monatlichen Fixpreis \u2013 vibe mit seinem vollelektrischen Auto-Abo macht\u2019s m\u00f6glich. Seit 2019 am Markt, \u00fcberzeugt das junge Mobilit\u00e4tsunternehmen sowohl Firmenkunden als auch Private mit maximaler Flexibilit\u00e4t: Nach sechs Monaten kann man sein E-Auto einfach wechseln oder zur\u00fcckgeben. F\u00fcr innovative Medienarbeit sorgt Grayling, \u00d6sterreichs Nr.1 in der Kommunikationsberatung. Von Tesla \u00fcber...","og_url":"https:\/\/grayling.com\/de\/news-and-views\/auto-abo-vibe-gibt-mit-grayling-vollelektrisch-gas\/","og_site_name":"Grayling","article_published_time":"2020-11-19T14:27:10+00:00","article_modified_time":"2023-10-13T15:49:56+00:00","og_image":[{"width":1920,"height":1080,"url":"https:\/\/grayling.com\/wp-content\/uploads\/2023\/10\/vibe-grayling_foto_frank_helmrich_1920x1080.jpg","type":"image\/jpeg"}],"author":"Ayer Mehmet","twitter_card":"summary_large_image","twitter_misc":{"Verfasst von":"Ayer Mehmet","Gesch\u00e4tzte Lesezeit":"3 Minuten"},"schema":{"@context":"https:\/\/schema.org","@graph":[{"@type":"Article","@id":"https:\/\/grayling.com\/de\/news-and-views\/auto-abo-vibe-gibt-mit-grayling-vollelektrisch-gas\/#article","isPartOf":{"@id":"https:\/\/grayling.com\/de\/news-and-views\/auto-abo-vibe-gibt-mit-grayling-vollelektrisch-gas\/"},"author":{"name":"Ayer Mehmet","@id":"https:\/\/grayling.com\/de\/#\/schema\/person\/251e08a9ee207bed4560033529fa47ce"},"headline":"Auto-Abo vibe gibt mit Grayling vollelektrisch Gas","datePublished":"2020-11-19T14:27:10+00:00","dateModified":"2023-10-13T15:49:56+00:00","mainEntityOfPage":{"@id":"https:\/\/grayling.com\/de\/news-and-views\/auto-abo-vibe-gibt-mit-grayling-vollelektrisch-gas\/"},"wordCount":540,"publisher":{"@id":"https:\/\/grayling.com\/de\/#organization"},"image":{"@id":"https:\/\/grayling.com\/de\/news-and-views\/auto-abo-vibe-gibt-mit-grayling-vollelektrisch-gas\/#primaryimage"},"thumbnailUrl":"https:\/\/grayling.com\/wp-content\/uploads\/2023\/10\/vibe-grayling_foto_frank_helmrich_1920x1080.jpg","articleSection":["Neuigkeiten"],"inLanguage":"de-DE"},{"@type":"WebPage","@id":"https:\/\/grayling.com\/de\/news-and-views\/auto-abo-vibe-gibt-mit-grayling-vollelektrisch-gas\/","url":"https:\/\/grayling.com\/de\/news-and-views\/auto-abo-vibe-gibt-mit-grayling-vollelektrisch-gas\/","name":"Auto-Abo vibe gibt mit Grayling vollelektrisch Gas - Grayling","isPartOf":{"@id":"https:\/\/grayling.com\/de\/#website"},"primaryImageOfPage":{"@id":"https:\/\/grayling.com\/de\/news-and-views\/auto-abo-vibe-gibt-mit-grayling-vollelektrisch-gas\/#primaryimage"},"image":{"@id":"https:\/\/grayling.com\/de\/news-and-views\/auto-abo-vibe-gibt-mit-grayling-vollelektrisch-gas\/#primaryimage"},"thumbnailUrl":"https:\/\/grayling.com\/wp-content\/uploads\/2023\/10\/vibe-grayling_foto_frank_helmrich_1920x1080.jpg","datePublished":"2020-11-19T14:27:10+00:00","dateModified":"2023-10-13T15:49:56+00:00","breadcrumb":{"@id":"https:\/\/grayling.com\/de\/news-and-views\/auto-abo-vibe-gibt-mit-grayling-vollelektrisch-gas\/#breadcrumb"},"inLanguage":"de-DE","potentialAction":[{"@type":"ReadAction","target":["https:\/\/grayling.com\/de\/news-and-views\/auto-abo-vibe-gibt-mit-grayling-vollelektrisch-gas\/"]}]},{"@type":"ImageObject","inLanguage":"de-DE","@id":"https:\/\/grayling.com\/de\/news-and-views\/auto-abo-vibe-gibt-mit-grayling-vollelektrisch-gas\/#primaryimage","url":"https:\/\/grayling.com\/wp-content\/uploads\/2023\/10\/vibe-grayling_foto_frank_helmrich_1920x1080.jpg","contentUrl":"https:\/\/grayling.com\/wp-content\/uploads\/2023\/10\/vibe-grayling_foto_frank_helmrich_1920x1080.jpg","width":1920,"height":1080},{"@type":"BreadcrumbList","@id":"https:\/\/grayling.com\/de\/news-and-views\/auto-abo-vibe-gibt-mit-grayling-vollelektrisch-gas\/#breadcrumb","itemListElement":[{"@type":"ListItem","position":1,"name":"Home","item":"https:\/\/grayling.com\/de\/"},{"@type":"ListItem","position":2,"name":"Auto-Abo vibe gibt mit Grayling vollelektrisch Gas"}]},{"@type":"WebSite","@id":"https:\/\/grayling.com\/de\/#website","url":"https:\/\/grayling.com\/de\/","name":"Grayling","description":"We create advantage","publisher":{"@id":"https:\/\/grayling.com\/de\/#organization"},"potentialAction":[{"@type":"SearchAction","target":{"@type":"EntryPoint","urlTemplate":"https:\/\/grayling.com\/de\/?s={search_term_string}"},"query-input":{"@type":"PropertyValueSpecification","valueRequired":true,"valueName":"search_term_string"}}],"inLanguage":"de-DE"},{"@type":"Organization","@id":"https:\/\/grayling.com\/de\/#organization","name":"Grayling","url":"https:\/\/grayling.com\/de\/","logo":{"@type":"ImageObject","inLanguage":"de-DE","@id":"https:\/\/grayling.com\/de\/#\/schema\/logo\/image\/","url":"https:\/\/grayling.com\/wp-content\/uploads\/2020\/08\/logo.jpg","contentUrl":"https:\/\/grayling.com\/wp-content\/uploads\/2020\/08\/logo.jpg","width":2009,"height":510,"caption":"Grayling"},"image":{"@id":"https:\/\/grayling.com\/de\/#\/schema\/logo\/image\/"}},{"@type":"Person","@id":"https:\/\/grayling.com\/de\/#\/schema\/person\/251e08a9ee207bed4560033529fa47ce","name":"Ayer Mehmet","image":{"@type":"ImageObject","inLanguage":"de-DE","@id":"https:\/\/grayling.com\/de\/#\/schema\/person\/image\/","url":"https:\/\/secure.gravatar.com\/avatar\/dfe275d9acede3df4c4453ea89cc4a8af78c99dc409fe1e6407c482a329cbaaf?s=96&d=mm&r=g","contentUrl":"https:\/\/secure.gravatar.com\/avatar\/dfe275d9acede3df4c4453ea89cc4a8af78c99dc409fe1e6407c482a329cbaaf?s=96&d=mm&r=g","caption":"Ayer Mehmet"},"url":"https:\/\/grayling.com\/de\/news-and-views\/author\/ayer-mehmetgrayling-com\/"}]}},"_links":{"self":[{"href":"https:\/\/grayling.com\/de\/wp-json\/wp\/v2\/posts\/46984","targetHints":{"allow":["GET"]}}],"collection":[{"href":"https:\/\/grayling.com\/de\/wp-json\/wp\/v2\/posts"}],"about":[{"href":"https:\/\/grayling.com\/de\/wp-json\/wp\/v2\/types\/post"}],"author":[{"embeddable":true,"href":"https:\/\/grayling.com\/de\/wp-json\/wp\/v2\/users\/5"}],"replies":[{"embeddable":true,"href":"https:\/\/grayling.com\/de\/wp-json\/wp\/v2\/comments?post=46984"}],"version-history":[{"count":0,"href":"https:\/\/grayling.com\/de\/wp-json\/wp\/v2\/posts\/46984\/revisions"}],"wp:featuredmedia":[{"embeddable":true,"href":"https:\/\/grayling.com\/de\/wp-json\/wp\/v2\/media\/44448"}],"wp:attachment":[{"href":"https:\/\/grayling.com\/de\/wp-json\/wp\/v2\/media?parent=46984"}],"wp:term":[{"taxonomy":"category","embeddable":true,"href":"https:\/\/grayling.com\/de\/wp-json\/wp\/v2\/categories?post=46984"},{"taxonomy":"post_tag","embeddable":true,"href":"https:\/\/grayling.com\/de\/wp-json\/wp\/v2\/tags?post=46984"}],"curies":[{"name":"wp","href":"https:\/\/api.w.org\/{rel}","templated":true}]}}