{"id":46723,"date":"2023-10-06T14:10:17","date_gmt":"2023-10-06T13:10:17","guid":{"rendered":"https:\/\/grayling.com\/news-and-views\/grayling-poland-rusza-w-trase-z-bmw-group-polska\/"},"modified":"2023-10-06T14:10:17","modified_gmt":"2023-10-06T13:10:17","slug":"grayling-poland-rusza-w-trase-z-bmw-group-polska","status":"publish","type":"post","link":"https:\/\/grayling.com\/de\/news-and-views\/grayling-poland-rusza-w-trase-z-bmw-group-polska\/","title":{"rendered":"Grayling Poland rusza w tras\u0119 z BMW Group Polska"},"content":{"rendered":"<p><b>1 sierpnia br. do grona klient\u00f3w Grayling Poland do\u0142\u0105czy\u0142a firma BMW Group Polska, w\u0142a\u015bciciel marek <span class=\"text-nowrap\">BMW i MINI<\/span>.<\/b><\/p>\n<p>W ramach sta\u0142ej wsp\u00f3\u0142pracy agencja odpowiada za <span class=\"text-nowrap\">doradztwo i realizacj\u0119<\/span> strategii komunikacyjnej <span class=\"text-nowrap\">firmy, w tym<\/span> komunikacj\u0119 <span class=\"text-nowrap\">korporacyjn\u0105 i lifestylow\u0105<\/span> wok\u00f3\u0142 modeli marek BMW i MINI, realizacj\u0119 dzia\u0142a\u0144 CSR oraz <span class=\"text-nowrap\">wsparcie w sytuacjach<\/span> kryzysowych. Grayling Poland zajmie si\u0119 tak\u017ce opracowaniem koncepcji kreatywnej event\u00f3w oraz koordynacj\u0105 <span class=\"text-nowrap\">wsp\u00f3\u0142pracy z influencerami.<\/span> Dzia\u0142ania agencji uwzgl\u0119dniaj\u0105 r\u00f3wnie\u017c doradztwo BMW Group <span class=\"text-nowrap\">Polska w obszarze<\/span> Public Affairs, ze szczeg\u00f3lnym uwzgl\u0119dnieniem aspekt\u00f3w elektromobilno\u015bci. Grayling zosta\u0142 wybrany do obs\u0142ugi BMW Group <span class=\"text-nowrap\">Polska w wyniku<\/span> wygranego przetargu.<\/p>\n<p>\u201eBardzo cieszymy <span class=\"text-nowrap\">si\u0119 z nawi\u0105zania<\/span> <span class=\"text-nowrap\">wsp\u00f3\u0142pracy z BMW<\/span> Group Polska, w\u0142a\u015bciciela tak wyj\u0105tkowych marek jak <span class=\"text-nowrap\">BMW i MINI,<\/span> tym bardziej, \u017ce wygrali\u015bmy przetarg obejmuj\u0105cy wszystkie obszary komunikacji. Szeroki zakres dzia\u0142a\u0144 realizowanych dla BMW pozwoli <span class=\"text-nowrap\">nam w pe\u0142ni<\/span> wykorzysta\u0107 nasze du\u017ce <span class=\"text-nowrap\">do\u015bwiadczenie i wiedz\u0119<\/span> eksperck\u0105 od komunikacji<span class=\"text-nowrap\"> korporacyjnej i public<\/span> affairs po komunikacj\u0119 <span class=\"text-nowrap\">konsumenck\u0105 i digitalow\u0105\u201d<\/span> \u2013\u00a0m\u00f3wi Klara Banaszewska, Dyrektor Generalna Grayling Poland.<\/p>\n<p>BMW Group, reprezentuj\u0105ca marki BMW, MINI, <span class=\"text-nowrap\">Rolls-Royce i\u00a0BMW<\/span> Motorrad jest <span class=\"text-nowrap\">jednym z\u00a0wiod\u0105cych<\/span> na \u015bwiecie producent\u00f3w <span class=\"text-nowrap\">samochod\u00f3w i\u00a0motocykli w\u00a0segmencie premium,<\/span> a\u00a0tak\u017ce dostawc\u0105 wysokiej jako\u015bci us\u0142ug <span class=\"text-nowrap\">finansowych i\u00a0mobilnych.<\/span> Firma podejmuje systematyczne dzia\u0142ania na rzecz rozwoju rynku <span class=\"text-nowrap\">elektromobilno\u015bci w Polsce i na<\/span> \u015bwiecie. Za <span class=\"text-nowrap\">zaanga\u017cowanie w rozw\u00f3j<\/span> <span class=\"text-nowrap\">zero- i niskoemisyjnego<\/span> transportu oraz zr\u00f3wnowa\u017cone podej\u015bcie do rozwoju produkt\u00f3w, kt\u00f3re nale\u017c\u0105 do g\u0142\u00f3wnych filar\u00f3w strategii, BMW Group Polska <span class=\"text-nowrap\">otrzyma\u0142a w 2018<\/span> roku tytu\u0142 Lidera Elektromobilno\u015bci.<\/p>\n","protected":false},"excerpt":{"rendered":"1 sierpnia br. do grona klient\u00f3w Grayling Poland do\u0142\u0105czy\u0142a firma BMW Group Polska, w\u0142a\u015bciciel marek BMW i MINI. W ramach sta\u0142ej wsp\u00f3\u0142pracy agencja odpowiada za doradztwo i realizacj\u0119 strategii komunikacyjnej firmy, w tym komunikacj\u0119 korporacyjn\u0105 i lifestylow\u0105 wok\u00f3\u0142 modeli marek BMW i MINI, realizacj\u0119 dzia\u0142a\u0144 CSR oraz wsparcie w sytuacjach kryzysowych. Grayling Poland zajmie si\u0119&#8230;","protected":false},"author":5,"featured_media":43463,"comment_status":"open","ping_status":"open","sticky":false,"template":"","format":"standard","meta":{"footnotes":""},"categories":[544],"tags":[],"class_list":["post-46723","post","type-post","status-publish","format-standard","has-post-thumbnail","hentry","category-uncategorized-de-2"],"acf":[],"yoast_head":"<!-- This site is optimized with the Yoast SEO plugin v26.9 - https:\/\/yoast.com\/product\/yoast-seo-wordpress\/ -->\n<title>Grayling Poland rusza w tras\u0119 z BMW Group Polska - Grayling<\/title>\n<meta name=\"robots\" content=\"index, follow, max-snippet:-1, max-image-preview:large, max-video-preview:-1\" \/>\n<link rel=\"canonical\" href=\"https:\/\/grayling.com\/de\/news-and-views\/grayling-poland-rusza-w-trase-z-bmw-group-polska\/\" \/>\n<meta property=\"og:locale\" content=\"de_DE\" \/>\n<meta property=\"og:type\" content=\"article\" \/>\n<meta property=\"og:title\" content=\"Grayling Poland rusza w tras\u0119 z BMW Group Polska - Grayling\" \/>\n<meta property=\"og:description\" content=\"1 sierpnia br. do grona klient\u00f3w Grayling Poland do\u0142\u0105czy\u0142a firma BMW Group Polska, w\u0142a\u015bciciel marek BMW i MINI. W ramach sta\u0142ej wsp\u00f3\u0142pracy agencja odpowiada za doradztwo i realizacj\u0119 strategii komunikacyjnej firmy, w tym komunikacj\u0119 korporacyjn\u0105 i lifestylow\u0105 wok\u00f3\u0142 modeli marek BMW i MINI, realizacj\u0119 dzia\u0142a\u0144 CSR oraz wsparcie w sytuacjach kryzysowych. Grayling Poland zajmie si\u0119...\" \/>\n<meta property=\"og:url\" content=\"https:\/\/grayling.com\/de\/news-and-views\/grayling-poland-rusza-w-trase-z-bmw-group-polska\/\" \/>\n<meta property=\"og:site_name\" content=\"Grayling\" \/>\n<meta property=\"article:published_time\" content=\"2023-10-06T13:10:17+00:00\" \/>\n<meta property=\"og:image\" content=\"https:\/\/grayling.com\/wp-content\/uploads\/2023\/10\/bmw-1-series-tv-spot-scaled-1.jpg\" \/>\n\t<meta property=\"og:image:width\" content=\"2560\" \/>\n\t<meta property=\"og:image:height\" content=\"1810\" \/>\n\t<meta property=\"og:image:type\" content=\"image\/jpeg\" \/>\n<meta name=\"author\" content=\"Ayer Mehmet\" \/>\n<meta name=\"twitter:card\" content=\"summary_large_image\" \/>\n<meta name=\"twitter:label1\" content=\"Verfasst von\" \/>\n\t<meta name=\"twitter:data1\" content=\"Ayer Mehmet\" \/>\n<script type=\"application\/ld+json\" class=\"yoast-schema-graph\">{\"@context\":\"https:\/\/schema.org\",\"@graph\":[{\"@type\":\"Article\",\"@id\":\"https:\/\/grayling.com\/de\/news-and-views\/grayling-poland-rusza-w-trase-z-bmw-group-polska\/#article\",\"isPartOf\":{\"@id\":\"https:\/\/grayling.com\/de\/news-and-views\/grayling-poland-rusza-w-trase-z-bmw-group-polska\/\"},\"author\":{\"name\":\"Ayer Mehmet\",\"@id\":\"https:\/\/grayling.com\/de\/#\/schema\/person\/251e08a9ee207bed4560033529fa47ce\"},\"headline\":\"Grayling Poland rusza w tras\u0119 z BMW Group Polska\",\"datePublished\":\"2023-10-06T13:10:17+00:00\",\"mainEntityOfPage\":{\"@id\":\"https:\/\/grayling.com\/de\/news-and-views\/grayling-poland-rusza-w-trase-z-bmw-group-polska\/\"},\"wordCount\":290,\"commentCount\":0,\"publisher\":{\"@id\":\"https:\/\/grayling.com\/de\/#organization\"},\"image\":{\"@id\":\"https:\/\/grayling.com\/de\/news-and-views\/grayling-poland-rusza-w-trase-z-bmw-group-polska\/#primaryimage\"},\"thumbnailUrl\":\"https:\/\/grayling.com\/wp-content\/uploads\/2023\/10\/bmw-1-series-tv-spot-scaled-1.jpg\",\"articleSection\":[\"Uncategorized\"],\"inLanguage\":\"de-DE\"},{\"@type\":\"WebPage\",\"@id\":\"https:\/\/grayling.com\/de\/news-and-views\/grayling-poland-rusza-w-trase-z-bmw-group-polska\/\",\"url\":\"https:\/\/grayling.com\/de\/news-and-views\/grayling-poland-rusza-w-trase-z-bmw-group-polska\/\",\"name\":\"Grayling Poland rusza w tras\u0119 z BMW Group Polska - Grayling\",\"isPartOf\":{\"@id\":\"https:\/\/grayling.com\/de\/#website\"},\"primaryImageOfPage\":{\"@id\":\"https:\/\/grayling.com\/de\/news-and-views\/grayling-poland-rusza-w-trase-z-bmw-group-polska\/#primaryimage\"},\"image\":{\"@id\":\"https:\/\/grayling.com\/de\/news-and-views\/grayling-poland-rusza-w-trase-z-bmw-group-polska\/#primaryimage\"},\"thumbnailUrl\":\"https:\/\/grayling.com\/wp-content\/uploads\/2023\/10\/bmw-1-series-tv-spot-scaled-1.jpg\",\"datePublished\":\"2023-10-06T13:10:17+00:00\",\"breadcrumb\":{\"@id\":\"https:\/\/grayling.com\/de\/news-and-views\/grayling-poland-rusza-w-trase-z-bmw-group-polska\/#breadcrumb\"},\"inLanguage\":\"de-DE\",\"potentialAction\":[{\"@type\":\"ReadAction\",\"target\":[\"https:\/\/grayling.com\/de\/news-and-views\/grayling-poland-rusza-w-trase-z-bmw-group-polska\/\"]}]},{\"@type\":\"ImageObject\",\"inLanguage\":\"de-DE\",\"@id\":\"https:\/\/grayling.com\/de\/news-and-views\/grayling-poland-rusza-w-trase-z-bmw-group-polska\/#primaryimage\",\"url\":\"https:\/\/grayling.com\/wp-content\/uploads\/2023\/10\/bmw-1-series-tv-spot-scaled-1.jpg\",\"contentUrl\":\"https:\/\/grayling.com\/wp-content\/uploads\/2023\/10\/bmw-1-series-tv-spot-scaled-1.jpg\",\"width\":2560,\"height\":1810},{\"@type\":\"BreadcrumbList\",\"@id\":\"https:\/\/grayling.com\/de\/news-and-views\/grayling-poland-rusza-w-trase-z-bmw-group-polska\/#breadcrumb\",\"itemListElement\":[{\"@type\":\"ListItem\",\"position\":1,\"name\":\"Home\",\"item\":\"https:\/\/grayling.com\/de\/\"},{\"@type\":\"ListItem\",\"position\":2,\"name\":\"Grayling Poland rusza w tras\u0119 z BMW Group Polska\"}]},{\"@type\":\"WebSite\",\"@id\":\"https:\/\/grayling.com\/de\/#website\",\"url\":\"https:\/\/grayling.com\/de\/\",\"name\":\"Grayling\",\"description\":\"We create advantage\",\"publisher\":{\"@id\":\"https:\/\/grayling.com\/de\/#organization\"},\"potentialAction\":[{\"@type\":\"SearchAction\",\"target\":{\"@type\":\"EntryPoint\",\"urlTemplate\":\"https:\/\/grayling.com\/de\/?s={search_term_string}\"},\"query-input\":{\"@type\":\"PropertyValueSpecification\",\"valueRequired\":true,\"valueName\":\"search_term_string\"}}],\"inLanguage\":\"de-DE\"},{\"@type\":\"Organization\",\"@id\":\"https:\/\/grayling.com\/de\/#organization\",\"name\":\"Grayling\",\"url\":\"https:\/\/grayling.com\/de\/\",\"logo\":{\"@type\":\"ImageObject\",\"inLanguage\":\"de-DE\",\"@id\":\"https:\/\/grayling.com\/de\/#\/schema\/logo\/image\/\",\"url\":\"https:\/\/grayling.com\/wp-content\/uploads\/2020\/08\/logo.jpg\",\"contentUrl\":\"https:\/\/grayling.com\/wp-content\/uploads\/2020\/08\/logo.jpg\",\"width\":2009,\"height\":510,\"caption\":\"Grayling\"},\"image\":{\"@id\":\"https:\/\/grayling.com\/de\/#\/schema\/logo\/image\/\"}},{\"@type\":\"Person\",\"@id\":\"https:\/\/grayling.com\/de\/#\/schema\/person\/251e08a9ee207bed4560033529fa47ce\",\"name\":\"Ayer Mehmet\",\"image\":{\"@type\":\"ImageObject\",\"inLanguage\":\"de-DE\",\"@id\":\"https:\/\/grayling.com\/de\/#\/schema\/person\/image\/\",\"url\":\"https:\/\/secure.gravatar.com\/avatar\/dfe275d9acede3df4c4453ea89cc4a8af78c99dc409fe1e6407c482a329cbaaf?s=96&d=mm&r=g\",\"contentUrl\":\"https:\/\/secure.gravatar.com\/avatar\/dfe275d9acede3df4c4453ea89cc4a8af78c99dc409fe1e6407c482a329cbaaf?s=96&d=mm&r=g\",\"caption\":\"Ayer Mehmet\"},\"url\":\"https:\/\/grayling.com\/de\/news-and-views\/author\/ayer-mehmetgrayling-com\/\"}]}<\/script>\n<!-- \/ Yoast SEO plugin. -->","yoast_head_json":{"title":"Grayling Poland rusza w tras\u0119 z BMW Group Polska - Grayling","robots":{"index":"index","follow":"follow","max-snippet":"max-snippet:-1","max-image-preview":"max-image-preview:large","max-video-preview":"max-video-preview:-1"},"canonical":"https:\/\/grayling.com\/de\/news-and-views\/grayling-poland-rusza-w-trase-z-bmw-group-polska\/","og_locale":"de_DE","og_type":"article","og_title":"Grayling Poland rusza w tras\u0119 z BMW Group Polska - Grayling","og_description":"1 sierpnia br. do grona klient\u00f3w Grayling Poland do\u0142\u0105czy\u0142a firma BMW Group Polska, w\u0142a\u015bciciel marek BMW i MINI. W ramach sta\u0142ej wsp\u00f3\u0142pracy agencja odpowiada za doradztwo i realizacj\u0119 strategii komunikacyjnej firmy, w tym komunikacj\u0119 korporacyjn\u0105 i lifestylow\u0105 wok\u00f3\u0142 modeli marek BMW i MINI, realizacj\u0119 dzia\u0142a\u0144 CSR oraz wsparcie w sytuacjach kryzysowych. Grayling Poland zajmie si\u0119...","og_url":"https:\/\/grayling.com\/de\/news-and-views\/grayling-poland-rusza-w-trase-z-bmw-group-polska\/","og_site_name":"Grayling","article_published_time":"2023-10-06T13:10:17+00:00","og_image":[{"width":2560,"height":1810,"url":"https:\/\/grayling.com\/wp-content\/uploads\/2023\/10\/bmw-1-series-tv-spot-scaled-1.jpg","type":"image\/jpeg"}],"author":"Ayer Mehmet","twitter_card":"summary_large_image","twitter_misc":{"Verfasst von":"Ayer Mehmet"},"schema":{"@context":"https:\/\/schema.org","@graph":[{"@type":"Article","@id":"https:\/\/grayling.com\/de\/news-and-views\/grayling-poland-rusza-w-trase-z-bmw-group-polska\/#article","isPartOf":{"@id":"https:\/\/grayling.com\/de\/news-and-views\/grayling-poland-rusza-w-trase-z-bmw-group-polska\/"},"author":{"name":"Ayer Mehmet","@id":"https:\/\/grayling.com\/de\/#\/schema\/person\/251e08a9ee207bed4560033529fa47ce"},"headline":"Grayling Poland rusza w tras\u0119 z BMW Group Polska","datePublished":"2023-10-06T13:10:17+00:00","mainEntityOfPage":{"@id":"https:\/\/grayling.com\/de\/news-and-views\/grayling-poland-rusza-w-trase-z-bmw-group-polska\/"},"wordCount":290,"commentCount":0,"publisher":{"@id":"https:\/\/grayling.com\/de\/#organization"},"image":{"@id":"https:\/\/grayling.com\/de\/news-and-views\/grayling-poland-rusza-w-trase-z-bmw-group-polska\/#primaryimage"},"thumbnailUrl":"https:\/\/grayling.com\/wp-content\/uploads\/2023\/10\/bmw-1-series-tv-spot-scaled-1.jpg","articleSection":["Uncategorized"],"inLanguage":"de-DE"},{"@type":"WebPage","@id":"https:\/\/grayling.com\/de\/news-and-views\/grayling-poland-rusza-w-trase-z-bmw-group-polska\/","url":"https:\/\/grayling.com\/de\/news-and-views\/grayling-poland-rusza-w-trase-z-bmw-group-polska\/","name":"Grayling Poland rusza w tras\u0119 z BMW Group Polska - Grayling","isPartOf":{"@id":"https:\/\/grayling.com\/de\/#website"},"primaryImageOfPage":{"@id":"https:\/\/grayling.com\/de\/news-and-views\/grayling-poland-rusza-w-trase-z-bmw-group-polska\/#primaryimage"},"image":{"@id":"https:\/\/grayling.com\/de\/news-and-views\/grayling-poland-rusza-w-trase-z-bmw-group-polska\/#primaryimage"},"thumbnailUrl":"https:\/\/grayling.com\/wp-content\/uploads\/2023\/10\/bmw-1-series-tv-spot-scaled-1.jpg","datePublished":"2023-10-06T13:10:17+00:00","breadcrumb":{"@id":"https:\/\/grayling.com\/de\/news-and-views\/grayling-poland-rusza-w-trase-z-bmw-group-polska\/#breadcrumb"},"inLanguage":"de-DE","potentialAction":[{"@type":"ReadAction","target":["https:\/\/grayling.com\/de\/news-and-views\/grayling-poland-rusza-w-trase-z-bmw-group-polska\/"]}]},{"@type":"ImageObject","inLanguage":"de-DE","@id":"https:\/\/grayling.com\/de\/news-and-views\/grayling-poland-rusza-w-trase-z-bmw-group-polska\/#primaryimage","url":"https:\/\/grayling.com\/wp-content\/uploads\/2023\/10\/bmw-1-series-tv-spot-scaled-1.jpg","contentUrl":"https:\/\/grayling.com\/wp-content\/uploads\/2023\/10\/bmw-1-series-tv-spot-scaled-1.jpg","width":2560,"height":1810},{"@type":"BreadcrumbList","@id":"https:\/\/grayling.com\/de\/news-and-views\/grayling-poland-rusza-w-trase-z-bmw-group-polska\/#breadcrumb","itemListElement":[{"@type":"ListItem","position":1,"name":"Home","item":"https:\/\/grayling.com\/de\/"},{"@type":"ListItem","position":2,"name":"Grayling Poland rusza w tras\u0119 z BMW Group Polska"}]},{"@type":"WebSite","@id":"https:\/\/grayling.com\/de\/#website","url":"https:\/\/grayling.com\/de\/","name":"Grayling","description":"We create advantage","publisher":{"@id":"https:\/\/grayling.com\/de\/#organization"},"potentialAction":[{"@type":"SearchAction","target":{"@type":"EntryPoint","urlTemplate":"https:\/\/grayling.com\/de\/?s={search_term_string}"},"query-input":{"@type":"PropertyValueSpecification","valueRequired":true,"valueName":"search_term_string"}}],"inLanguage":"de-DE"},{"@type":"Organization","@id":"https:\/\/grayling.com\/de\/#organization","name":"Grayling","url":"https:\/\/grayling.com\/de\/","logo":{"@type":"ImageObject","inLanguage":"de-DE","@id":"https:\/\/grayling.com\/de\/#\/schema\/logo\/image\/","url":"https:\/\/grayling.com\/wp-content\/uploads\/2020\/08\/logo.jpg","contentUrl":"https:\/\/grayling.com\/wp-content\/uploads\/2020\/08\/logo.jpg","width":2009,"height":510,"caption":"Grayling"},"image":{"@id":"https:\/\/grayling.com\/de\/#\/schema\/logo\/image\/"}},{"@type":"Person","@id":"https:\/\/grayling.com\/de\/#\/schema\/person\/251e08a9ee207bed4560033529fa47ce","name":"Ayer Mehmet","image":{"@type":"ImageObject","inLanguage":"de-DE","@id":"https:\/\/grayling.com\/de\/#\/schema\/person\/image\/","url":"https:\/\/secure.gravatar.com\/avatar\/dfe275d9acede3df4c4453ea89cc4a8af78c99dc409fe1e6407c482a329cbaaf?s=96&d=mm&r=g","contentUrl":"https:\/\/secure.gravatar.com\/avatar\/dfe275d9acede3df4c4453ea89cc4a8af78c99dc409fe1e6407c482a329cbaaf?s=96&d=mm&r=g","caption":"Ayer Mehmet"},"url":"https:\/\/grayling.com\/de\/news-and-views\/author\/ayer-mehmetgrayling-com\/"}]}},"_links":{"self":[{"href":"https:\/\/grayling.com\/de\/wp-json\/wp\/v2\/posts\/46723","targetHints":{"allow":["GET"]}}],"collection":[{"href":"https:\/\/grayling.com\/de\/wp-json\/wp\/v2\/posts"}],"about":[{"href":"https:\/\/grayling.com\/de\/wp-json\/wp\/v2\/types\/post"}],"author":[{"embeddable":true,"href":"https:\/\/grayling.com\/de\/wp-json\/wp\/v2\/users\/5"}],"replies":[{"embeddable":true,"href":"https:\/\/grayling.com\/de\/wp-json\/wp\/v2\/comments?post=46723"}],"version-history":[{"count":0,"href":"https:\/\/grayling.com\/de\/wp-json\/wp\/v2\/posts\/46723\/revisions"}],"wp:featuredmedia":[{"embeddable":true,"href":"https:\/\/grayling.com\/de\/wp-json\/wp\/v2\/media\/43463"}],"wp:attachment":[{"href":"https:\/\/grayling.com\/de\/wp-json\/wp\/v2\/media?parent=46723"}],"wp:term":[{"taxonomy":"category","embeddable":true,"href":"https:\/\/grayling.com\/de\/wp-json\/wp\/v2\/categories?post=46723"},{"taxonomy":"post_tag","embeddable":true,"href":"https:\/\/grayling.com\/de\/wp-json\/wp\/v2\/tags?post=46723"}],"curies":[{"name":"wp","href":"https:\/\/api.w.org\/{rel}","templated":true}]}}